{"id":2153,"date":"2023-10-16T11:43:55","date_gmt":"2023-10-16T09:43:55","guid":{"rendered":"https:\/\/llengues.umh.es\/?p=2153"},"modified":"2024-12-05T13:29:26","modified_gmt":"2024-12-05T12:29:26","slug":"exposicio-a-dins-a-fora-felicia-fuster-barcelona-1921-paris-2012-poeta-i-pintora","status":"publish","type":"post","link":"https:\/\/llengues.umh.es\/en\/2023\/10\/16\/exposicio-a-dins-a-fora-felicia-fuster-barcelona-1921-paris-2012-poeta-i-pintora\/","title":{"rendered":"<span lang=\"ca\">(Valenci\u00e0) Exposici\u00f3 &#8220;A dins, a fora. Fel\u00edcia Fuster (Barcelona, 1921- Par\u00eds, 2012), poeta i pintora&#8221;<\/span>"},"content":{"rendered":"<p class=\"qtranxs-available-languages-message qtranxs-available-languages-message-en\">Sorry, this entry is only available in <a href=\"https:\/\/llengues.umh.es\/ca\/wp-json\/wp\/v2\/posts\/2153\" class=\"qtranxs-available-language-link qtranxs-available-language-link-ca\" title=\"Valenci\u00e0\">Catalan<\/a> and <a href=\"https:\/\/llengues.umh.es\/es\/wp-json\/wp\/v2\/posts\/2153\" class=\"qtranxs-available-language-link qtranxs-available-language-link-es\" title=\"Espa\u00f1ol\">European Spanish<\/a>.<\/p>","protected":false},"excerpt":{"rendered":"<p>Sorry, this entry is only available in Catalan and European Spanish.<\/p>\n","protected":false},"author":3564,"featured_media":0,"comment_status":"closed","ping_status":"open","sticky":false,"template":"","format":"standard","meta":{"_links_to":"","_links_to_target":""},"categories":[70376],"tags":[70376,70398],"_links":{"self":[{"href":"https:\/\/llengues.umh.es\/en\/wp-json\/wp\/v2\/posts\/2153"}],"collection":[{"href":"https:\/\/llengues.umh.es\/en\/wp-json\/wp\/v2\/posts"}],"about":[{"href":"https:\/\/llengues.umh.es\/en\/wp-json\/wp\/v2\/types\/post"}],"author":[{"embeddable":true,"href":"https:\/\/llengues.umh.es\/en\/wp-json\/wp\/v2\/users\/3564"}],"replies":[{"embeddable":true,"href":"https:\/\/llengues.umh.es\/en\/wp-json\/wp\/v2\/comments?post=2153"}],"version-history":[{"count":0,"href":"https:\/\/llengues.umh.es\/en\/wp-json\/wp\/v2\/posts\/2153\/revisions"}],"wp:attachment":[{"href":"https:\/\/llengues.umh.es\/en\/wp-json\/wp\/v2\/media?parent=2153"}],"wp:term":[{"taxonomy":"category","embeddable":true,"href":"https:\/\/llengues.umh.es\/en\/wp-json\/wp\/v2\/categories?post=2153"},{"taxonomy":"post_tag","embeddable":true,"href":"https:\/\/llengues.umh.es\/en\/wp-json\/wp\/v2\/tags?post=2153"}],"curies":[{"name":"wp","href":"https:\/\/api.w.org\/{rel}","templated":true}]}}