{"id":2281,"date":"2023-12-21T14:53:09","date_gmt":"2023-12-21T13:53:09","guid":{"rendered":"https:\/\/llengues.umh.es\/?p=2281"},"modified":"2024-12-05T13:31:25","modified_gmt":"2024-12-05T12:31:25","slug":"exposicio-vallverdu-horitzo","status":"publish","type":"post","link":"https:\/\/llengues.umh.es\/en\/2023\/12\/21\/exposicio-vallverdu-horitzo\/","title":{"rendered":"ARTE Y CULTURA CINE ESTUDIANTES EXPOSICIONES LITERATURA M\u00daSICA TEATRE TEATRE TEATRE VALENCI\u00c0"},"content":{"rendered":"Ideada per Carme Vidalhuguet, comiss\u00e0ria de l\u2019Any Josep Vallverd\u00fa, aquesta exposici\u00f3 de petit format busca explicar la vida i obra de Josep Vallverd\u00fa per acostar la seua figura poli\u00e8drica al p\u00fablic general, en especial les seues cares m\u00e9s poc conegudes. Aquest objectiu s\u2019assoleix amb sis plafons il\u00b7lustrats, que facilitaran la itiner\u00e0ncia i divulgaci\u00f3 de l\u2019exposici\u00f3. D\u2019aquests plafons se&#8217;n crearan diverses c\u00f2pies per tal que arriben arreu dels territoris de parla catalana.","protected":false},"excerpt":{"rendered":"<p>Ideada per Carme Vidalhuguet, comiss\u00e0ria de l\u2019Any Josep Vallverd\u00fa, aquesta exposici\u00f3 de petit format busca explicar la vida i obra de Josep Vallverd\u00fa per acostar la seua figura poli\u00e8drica al p\u00fablic general, en especial les seues cares m\u00e9s poc conegudes. Aquest objectiu s\u2019assoleix amb sis plafons il\u00b7lustrats, que facilitaran la itiner\u00e0ncia i divulgaci\u00f3 de l\u2019exposici\u00f3. [&#8230;]<\/p>\n","protected":false},"author":4823,"featured_media":0,"comment_status":"closed","ping_status":"open","sticky":false,"template":"","format":"standard","meta":{"_links_to":"","_links_to_target":""},"categories":[70376],"tags":[70376,70398],"_links":{"self":[{"href":"https:\/\/llengues.umh.es\/en\/wp-json\/wp\/v2\/posts\/2281"}],"collection":[{"href":"https:\/\/llengues.umh.es\/en\/wp-json\/wp\/v2\/posts"}],"about":[{"href":"https:\/\/llengues.umh.es\/en\/wp-json\/wp\/v2\/types\/post"}],"author":[{"embeddable":true,"href":"https:\/\/llengues.umh.es\/en\/wp-json\/wp\/v2\/users\/4823"}],"replies":[{"embeddable":true,"href":"https:\/\/llengues.umh.es\/en\/wp-json\/wp\/v2\/comments?post=2281"}],"version-history":[{"count":0,"href":"https:\/\/llengues.umh.es\/en\/wp-json\/wp\/v2\/posts\/2281\/revisions"}],"wp:attachment":[{"href":"https:\/\/llengues.umh.es\/en\/wp-json\/wp\/v2\/media?parent=2281"}],"wp:term":[{"taxonomy":"category","embeddable":true,"href":"https:\/\/llengues.umh.es\/en\/wp-json\/wp\/v2\/categories?post=2281"},{"taxonomy":"post_tag","embeddable":true,"href":"https:\/\/llengues.umh.es\/en\/wp-json\/wp\/v2\/tags?post=2281"}],"curies":[{"name":"wp","href":"https:\/\/api.w.org\/{rel}","templated":true}]}}