{"id":2410,"date":"2024-02-15T19:28:33","date_gmt":"2024-02-15T18:28:33","guid":{"rendered":"https:\/\/llengues.umh.es\/?p=2410"},"modified":"2024-11-11T09:45:06","modified_gmt":"2024-11-11T08:45:06","slug":"12e-cicle-de-cinema-infantil-en-valencia-a-laula-magna-de-ledifici-altabix","status":"publish","type":"post","link":"https:\/\/llengues.umh.es\/en\/2024\/02\/15\/12e-cicle-de-cinema-infantil-en-valencia-a-laula-magna-de-ledifici-altabix\/","title":{"rendered":"<span lang=\"ca\">(Valenci\u00e0) 12\u00e9 Cicle de Cinema Infantil en Valenci\u00e0 a l\u2019Aula Magna de l\u2019edifici Altabix<\/span>"},"content":{"rendered":"<p class=\"qtranxs-available-languages-message qtranxs-available-languages-message-en\">Sorry, this entry is only available in <a href=\"https:\/\/llengues.umh.es\/ca\/wp-json\/wp\/v2\/posts\/2410\" class=\"qtranxs-available-language-link qtranxs-available-language-link-ca\" title=\"Valenci\u00e0\">Catalan<\/a>.<\/p>","protected":false},"excerpt":{"rendered":"<p>Sorry, this entry is only available in Catalan.<\/p>\n","protected":false},"author":4823,"featured_media":0,"comment_status":"closed","ping_status":"open","sticky":false,"template":"","format":"standard","meta":{"_links_to":"","_links_to_target":""},"categories":[8504],"tags":[1456933],"_links":{"self":[{"href":"https:\/\/llengues.umh.es\/en\/wp-json\/wp\/v2\/posts\/2410"}],"collection":[{"href":"https:\/\/llengues.umh.es\/en\/wp-json\/wp\/v2\/posts"}],"about":[{"href":"https:\/\/llengues.umh.es\/en\/wp-json\/wp\/v2\/types\/post"}],"author":[{"embeddable":true,"href":"https:\/\/llengues.umh.es\/en\/wp-json\/wp\/v2\/users\/4823"}],"replies":[{"embeddable":true,"href":"https:\/\/llengues.umh.es\/en\/wp-json\/wp\/v2\/comments?post=2410"}],"version-history":[{"count":0,"href":"https:\/\/llengues.umh.es\/en\/wp-json\/wp\/v2\/posts\/2410\/revisions"}],"wp:attachment":[{"href":"https:\/\/llengues.umh.es\/en\/wp-json\/wp\/v2\/media?parent=2410"}],"wp:term":[{"taxonomy":"category","embeddable":true,"href":"https:\/\/llengues.umh.es\/en\/wp-json\/wp\/v2\/categories?post=2410"},{"taxonomy":"post_tag","embeddable":true,"href":"https:\/\/llengues.umh.es\/en\/wp-json\/wp\/v2\/tags?post=2410"}],"curies":[{"name":"wp","href":"https:\/\/api.w.org\/{rel}","templated":true}]}}