{"id":3214,"date":"2024-11-25T10:34:06","date_gmt":"2024-11-25T09:34:06","guid":{"rendered":"https:\/\/llengues.umh.es\/?p=3214"},"modified":"2024-11-25T10:37:08","modified_gmt":"2024-11-25T09:37:08","slug":"presentacio-del-llibre-el-sud-de-vicent-andres-estelles-direne-mira-navarro-el-28-de-novembre","status":"publish","type":"post","link":"https:\/\/llengues.umh.es\/en\/2024\/11\/25\/presentacio-del-llibre-el-sud-de-vicent-andres-estelles-direne-mira-navarro-el-28-de-novembre\/","title":{"rendered":"<span lang=\"ca\">(Valenci\u00e0) Presentaci\u00f3 del llibre El Sud de Vicent Andr\u00e9s Estell\u00e9s, d\u2019Irene Mira-Navarro, el 28 de novembre<\/span>"},"content":{"rendered":"<p class=\"qtranxs-available-languages-message qtranxs-available-languages-message-en\">Sorry, this entry is only available in <a href=\"https:\/\/llengues.umh.es\/ca\/wp-json\/wp\/v2\/posts\/3214\" class=\"qtranxs-available-language-link qtranxs-available-language-link-ca\" title=\"Valenci\u00e0\">Catalan<\/a>.<\/p>","protected":false},"excerpt":{"rendered":"<p>Sorry, this entry is only available in Catalan.<\/p>\n","protected":false},"author":4823,"featured_media":0,"comment_status":"closed","ping_status":"open","sticky":false,"template":"","format":"standard","meta":{"_links_to":"","_links_to_target":""},"categories":[350],"tags":[1456957],"_links":{"self":[{"href":"https:\/\/llengues.umh.es\/en\/wp-json\/wp\/v2\/posts\/3214"}],"collection":[{"href":"https:\/\/llengues.umh.es\/en\/wp-json\/wp\/v2\/posts"}],"about":[{"href":"https:\/\/llengues.umh.es\/en\/wp-json\/wp\/v2\/types\/post"}],"author":[{"embeddable":true,"href":"https:\/\/llengues.umh.es\/en\/wp-json\/wp\/v2\/users\/4823"}],"replies":[{"embeddable":true,"href":"https:\/\/llengues.umh.es\/en\/wp-json\/wp\/v2\/comments?post=3214"}],"version-history":[{"count":0,"href":"https:\/\/llengues.umh.es\/en\/wp-json\/wp\/v2\/posts\/3214\/revisions"}],"wp:attachment":[{"href":"https:\/\/llengues.umh.es\/en\/wp-json\/wp\/v2\/media?parent=3214"}],"wp:term":[{"taxonomy":"category","embeddable":true,"href":"https:\/\/llengues.umh.es\/en\/wp-json\/wp\/v2\/categories?post=3214"},{"taxonomy":"post_tag","embeddable":true,"href":"https:\/\/llengues.umh.es\/en\/wp-json\/wp\/v2\/tags?post=3214"}],"curies":[{"name":"wp","href":"https:\/\/api.w.org\/{rel}","templated":true}]}}