{"id":4502,"date":"2025-12-01T12:19:12","date_gmt":"2025-12-01T11:19:12","guid":{"rendered":"https:\/\/llengues.umh.es\/?p=4502"},"modified":"2025-12-01T13:04:42","modified_gmt":"2025-12-01T12:04:42","slug":"exposicio-vents-del-poble-veus-de-lexili-i-la-resistencia","status":"publish","type":"post","link":"https:\/\/llengues.umh.es\/en\/2025\/12\/01\/exposicio-vents-del-poble-veus-de-lexili-i-la-resistencia\/","title":{"rendered":"<span lang=\"ca\">(Valenci\u00e0) Exposici\u00f3 &#8220;Vents del poble. Veus de l&#8217;exili i la resist\u00e8ncia&#8221;<\/span>"},"content":{"rendered":"<p class=\"qtranxs-available-languages-message qtranxs-available-languages-message-en\">Sorry, this entry is only available in <a href=\"https:\/\/llengues.umh.es\/ca\/wp-json\/wp\/v2\/posts\/4502\" class=\"qtranxs-available-language-link qtranxs-available-language-link-ca\" title=\"Valenci\u00e0\">Catalan<\/a>.<\/p>","protected":false},"excerpt":{"rendered":"<p>Sorry, this entry is only available in Catalan.<\/p>\n","protected":false},"author":4823,"featured_media":0,"comment_status":"closed","ping_status":"open","sticky":false,"template":"","format":"standard","meta":{"_links_to":"","_links_to_target":""},"categories":[4,357],"tags":[70376,1056507],"_links":{"self":[{"href":"https:\/\/llengues.umh.es\/en\/wp-json\/wp\/v2\/posts\/4502"}],"collection":[{"href":"https:\/\/llengues.umh.es\/en\/wp-json\/wp\/v2\/posts"}],"about":[{"href":"https:\/\/llengues.umh.es\/en\/wp-json\/wp\/v2\/types\/post"}],"author":[{"embeddable":true,"href":"https:\/\/llengues.umh.es\/en\/wp-json\/wp\/v2\/users\/4823"}],"replies":[{"embeddable":true,"href":"https:\/\/llengues.umh.es\/en\/wp-json\/wp\/v2\/comments?post=4502"}],"version-history":[{"count":0,"href":"https:\/\/llengues.umh.es\/en\/wp-json\/wp\/v2\/posts\/4502\/revisions"}],"wp:attachment":[{"href":"https:\/\/llengues.umh.es\/en\/wp-json\/wp\/v2\/media?parent=4502"}],"wp:term":[{"taxonomy":"category","embeddable":true,"href":"https:\/\/llengues.umh.es\/en\/wp-json\/wp\/v2\/categories?post=4502"},{"taxonomy":"post_tag","embeddable":true,"href":"https:\/\/llengues.umh.es\/en\/wp-json\/wp\/v2\/tags?post=4502"}],"curies":[{"name":"wp","href":"https:\/\/api.w.org\/{rel}","templated":true}]}}