{"id":4684,"date":"2026-02-10T09:58:38","date_gmt":"2026-02-10T08:58:38","guid":{"rendered":"https:\/\/llengues.umh.es\/?p=4684"},"modified":"2026-02-10T10:10:39","modified_gmt":"2026-02-10T09:10:39","slug":"el-vicerectorat-de-cultura-igualtat-i-diversitat-i-loficina-de-llenguesde-la-umh-acull-enguany-la-14a-edicio-del-del-cicle-de-cinema-infantil-en-valencia-del-tempir","status":"publish","type":"post","link":"https:\/\/llengues.umh.es\/en\/2026\/02\/10\/el-vicerectorat-de-cultura-igualtat-i-diversitat-i-loficina-de-llenguesde-la-umh-acull-enguany-la-14a-edicio-del-del-cicle-de-cinema-infantil-en-valencia-del-tempir\/","title":{"rendered":"<span lang=\"ca\">(Valenci\u00e0) 14a edici\u00f3 del del Cicle de cinema infantil en valenci\u00e0 del Tempir<\/span>"},"content":{"rendered":"<p class=\"qtranxs-available-languages-message qtranxs-available-languages-message-en\">Sorry, this entry is only available in <a href=\"https:\/\/llengues.umh.es\/ca\/wp-json\/wp\/v2\/posts\/4684\" class=\"qtranxs-available-language-link qtranxs-available-language-link-ca\" title=\"Valenci\u00e0\">Catalan<\/a>.<\/p>","protected":false},"excerpt":{"rendered":"<p>Sorry, this entry is only available in Catalan.<\/p>\n","protected":false},"author":4823,"featured_media":0,"comment_status":"closed","ping_status":"open","sticky":false,"template":"","format":"standard","meta":{"_links_to":"","_links_to_target":""},"categories":[8504,363987,4],"tags":[1456933],"_links":{"self":[{"href":"https:\/\/llengues.umh.es\/en\/wp-json\/wp\/v2\/posts\/4684"}],"collection":[{"href":"https:\/\/llengues.umh.es\/en\/wp-json\/wp\/v2\/posts"}],"about":[{"href":"https:\/\/llengues.umh.es\/en\/wp-json\/wp\/v2\/types\/post"}],"author":[{"embeddable":true,"href":"https:\/\/llengues.umh.es\/en\/wp-json\/wp\/v2\/users\/4823"}],"replies":[{"embeddable":true,"href":"https:\/\/llengues.umh.es\/en\/wp-json\/wp\/v2\/comments?post=4684"}],"version-history":[{"count":0,"href":"https:\/\/llengues.umh.es\/en\/wp-json\/wp\/v2\/posts\/4684\/revisions"}],"wp:attachment":[{"href":"https:\/\/llengues.umh.es\/en\/wp-json\/wp\/v2\/media?parent=4684"}],"wp:term":[{"taxonomy":"category","embeddable":true,"href":"https:\/\/llengues.umh.es\/en\/wp-json\/wp\/v2\/categories?post=4684"},{"taxonomy":"post_tag","embeddable":true,"href":"https:\/\/llengues.umh.es\/en\/wp-json\/wp\/v2\/tags?post=4684"}],"curies":[{"name":"wp","href":"https:\/\/api.w.org\/{rel}","templated":true}]}}