{"id":584,"date":"2020-05-19T18:08:43","date_gmt":"2020-05-19T16:08:43","guid":{"rendered":"https:\/\/llengues.umh.es\/?p=584"},"modified":"2020-05-19T18:09:29","modified_gmt":"2020-05-19T16:09:29","slug":"recomanacions-linguistiques-per-a-les-xarxes-socials-a-les-universitats","status":"publish","type":"post","link":"https:\/\/llengues.umh.es\/en\/2020\/05\/19\/recomanacions-linguistiques-per-a-les-xarxes-socials-a-les-universitats\/","title":{"rendered":"Recomanacions ling\u00fc\u00edstiques per a les xarxes socials a les universitats"},"content":{"rendered":"<p><\/p>\n<h5><strong>Recomanacions ling\u00fc\u00edstiques per a les xarxes socials a les universitats<\/strong><\/h5>\n<p><a href=\"https:\/\/www.vives.org\/recomanacions-linguistiques-xarxes-socials-universitats\/index\/\" target=\"_blank\" rel=\"noopener noreferrer\"><img loading=\"lazy\" class=\"size-full wp-image-582 alignleft\" src=\"https:\/\/llengues.umh.es\/files\/2020\/05\/XVU.XARXES.jpg\" alt=\"\" width=\"174\" height=\"210\" \/><\/a>INTRODUCCI\u00d3<br \/>\nAquest recurs cont\u00e9 criteris ling\u00fc\u00edstics i recomanacions per als comptes institucionals universitaris a les xarxes socials (Facebook, Twitter i Instagram, principalment). En concret, s\u2019adre\u00e7a especialment a les persones que gestionen i escriuen les publicacions de comptes oficials de les universitats; de facultats, departaments i centres de recerca; d\u2019estudis (graus, m\u00e0sters i postgraus), i de serveis (ling\u00fc\u00edstics, d\u2019esports, biblioteques, etc.).<\/p>\n<p>Cada xarxa social t\u00e9 unes caracter\u00edstiques pr\u00f2pies pel que fa al contingut i a la llargada del missatge, al sistema de mencions i al destinatari. Tanmateix, en tots els casos es tracta de comptes relacionats amb les universitats de parla catalana, \u00e9s a dir, de car\u00e0cter institucional. D\u2019aqu\u00ed ve la import\u00e0ncia d\u2019establir uns criteris de redacci\u00f3 per a aquest tipus de publicacions.<\/p>\n<p>Les recomanacions estan dividides en set apartats: to i registre, estil de redacci\u00f3, llengua de les publicacions, tractament personal, correcci\u00f3 gramatical i ortogr\u00e0fica, puntuaci\u00f3 i recursos tipogr\u00e0fics. D\u2019entrada, totes les indicacions s\u2019apliquen als continguts de la majoria de xarxes socials, excepte que s\u2019especifiqui el contrari.<\/p>\n<p><a href=\"https:\/\/llengues.umh.es\/files\/2020\/05\/recomanacions_ling\u00fc\u00edstiques_digital.pdf\" target=\"_blank\" rel=\"noopener noreferrer\">Descarrega en PDF<\/a><br \/>\n<\/p>","protected":false},"excerpt":{"rendered":"<p>Recomanacions ling\u00fc\u00edstiques per a les xarxes socials a les universitats<br \/>\nINTRODUCCI\u00d3<br \/>\nAquest recurs cont\u00e9 criteris ling\u00fc\u00edstics i recomanacions per als comptes institucionals universitaris a les xarxes socials (Facebook, Twitter i Instagram, principalment). En concret, s\u2019adre\u00e7a especialment a les persones que gestionen i escriuen les publicacions de comptes oficials de les universitats; de facultats, departaments i centres de [&#8230;]<\/p>\n","protected":false},"author":3564,"featured_media":0,"comment_status":"closed","ping_status":"open","sticky":false,"template":"","format":"standard","meta":{"_links_to":"","_links_to_target":""},"categories":[565,4,568,291465,3298],"tags":[],"_links":{"self":[{"href":"https:\/\/llengues.umh.es\/en\/wp-json\/wp\/v2\/posts\/584"}],"collection":[{"href":"https:\/\/llengues.umh.es\/en\/wp-json\/wp\/v2\/posts"}],"about":[{"href":"https:\/\/llengues.umh.es\/en\/wp-json\/wp\/v2\/types\/post"}],"author":[{"embeddable":true,"href":"https:\/\/llengues.umh.es\/en\/wp-json\/wp\/v2\/users\/3564"}],"replies":[{"embeddable":true,"href":"https:\/\/llengues.umh.es\/en\/wp-json\/wp\/v2\/comments?post=584"}],"version-history":[{"count":0,"href":"https:\/\/llengues.umh.es\/en\/wp-json\/wp\/v2\/posts\/584\/revisions"}],"wp:attachment":[{"href":"https:\/\/llengues.umh.es\/en\/wp-json\/wp\/v2\/media?parent=584"}],"wp:term":[{"taxonomy":"category","embeddable":true,"href":"https:\/\/llengues.umh.es\/en\/wp-json\/wp\/v2\/categories?post=584"},{"taxonomy":"post_tag","embeddable":true,"href":"https:\/\/llengues.umh.es\/en\/wp-json\/wp\/v2\/tags?post=584"}],"curies":[{"name":"wp","href":"https:\/\/api.w.org\/{rel}","templated":true}]}}