{"id":698,"date":"2020-09-23T10:23:01","date_gmt":"2020-09-23T08:23:01","guid":{"rendered":"https:\/\/llengues.umh.es\/?p=698"},"modified":"2020-10-29T09:49:31","modified_gmt":"2020-10-29T08:49:31","slug":"jqcv-convocatoria-extraordinaria","status":"publish","type":"post","link":"https:\/\/llengues.umh.es\/en\/2020\/09\/23\/jqcv-convocatoria-extraordinaria\/","title":{"rendered":"Premi Sambori 2021"},"content":{"rendered":"<p><strong>Premi Sambori<\/strong><\/p>\n<p><img loading=\"lazy\" class=\"wp-image-731 alignleft\" src=\"https:\/\/llengues.umh.es\/files\/2020\/09\/Logo-Sambori-01.png\" alt=\"\" width=\"191\" height=\"191\" srcset=\"https:\/\/llengues.umh.es\/files\/2020\/09\/Logo-Sambori-01.png 3404w, https:\/\/llengues.umh.es\/files\/2020\/09\/Logo-Sambori-01-150x150.png 150w, https:\/\/llengues.umh.es\/files\/2020\/09\/Logo-Sambori-01-300x300.png 300w, https:\/\/llengues.umh.es\/files\/2020\/09\/Logo-Sambori-01-768x768.png 768w, https:\/\/llengues.umh.es\/files\/2020\/09\/Logo-Sambori-01-1024x1024.png 1024w\" sizes=\"(max-width: 191px) 100vw, 191px\" \/>La Fundaci\u00f3 Sambori \u2013amb la col\u00b7laboraci\u00f3 de la Universitat d\u2019Alacant, Universitat Jaume I, Universitat Miguel Hern\u00e1ndez d\u2019Elx, Universitat Polit\u00e8cnica de Val\u00e8ncia i Universitat de Val\u00e8ncia \u2013 convoca el <strong>Dihuit\u00e8 Concurs Universitari de Narrativa Curta en Valenci\u00e0 PREMI SAMBORI 2021<\/strong> adre\u00e7at als estudiants de les universitats p\u00fabliques valencianes, d\u2019acord amb les seg\u00fcent <a href=\"https:\/\/llengues.umh.es\/files\/2020\/09\/Bases-Universitats-2021-1.pdf\" target=\"_blank\" rel=\"noopener noreferrer\">bases<\/a>.<\/p>","protected":false},"excerpt":{"rendered":"<p>Premi Sambori<br \/>\nLa Fundaci\u00f3 Sambori \u2013amb la col\u00b7laboraci\u00f3 de la Universitat d\u2019Alacant, Universitat Jaume I, Universitat Miguel Hern\u00e1ndez d\u2019Elx, Universitat Polit\u00e8cnica de Val\u00e8ncia i Universitat de Val\u00e8ncia \u2013 convoca el Dihuit\u00e8 Concurs Universitari de Narrativa Curta en Valenci\u00e0 PREMI SAMBORI 2021 adre\u00e7at als estudiants de les universitats p\u00fabliques valencianes, d\u2019acord amb les seg\u00fcent bases.<\/p>\n","protected":false},"author":3564,"featured_media":0,"comment_status":"closed","ping_status":"open","sticky":false,"template":"","format":"standard","meta":{"_links_to":"","_links_to_target":""},"categories":[228],"tags":[],"_links":{"self":[{"href":"https:\/\/llengues.umh.es\/en\/wp-json\/wp\/v2\/posts\/698"}],"collection":[{"href":"https:\/\/llengues.umh.es\/en\/wp-json\/wp\/v2\/posts"}],"about":[{"href":"https:\/\/llengues.umh.es\/en\/wp-json\/wp\/v2\/types\/post"}],"author":[{"embeddable":true,"href":"https:\/\/llengues.umh.es\/en\/wp-json\/wp\/v2\/users\/3564"}],"replies":[{"embeddable":true,"href":"https:\/\/llengues.umh.es\/en\/wp-json\/wp\/v2\/comments?post=698"}],"version-history":[{"count":0,"href":"https:\/\/llengues.umh.es\/en\/wp-json\/wp\/v2\/posts\/698\/revisions"}],"wp:attachment":[{"href":"https:\/\/llengues.umh.es\/en\/wp-json\/wp\/v2\/media?parent=698"}],"wp:term":[{"taxonomy":"category","embeddable":true,"href":"https:\/\/llengues.umh.es\/en\/wp-json\/wp\/v2\/categories?post=698"},{"taxonomy":"post_tag","embeddable":true,"href":"https:\/\/llengues.umh.es\/en\/wp-json\/wp\/v2\/tags?post=698"}],"curies":[{"name":"wp","href":"https:\/\/api.w.org\/{rel}","templated":true}]}}