{"id":1097,"date":"2021-05-07T08:14:48","date_gmt":"2021-05-07T06:14:48","guid":{"rendered":"https:\/\/llengues.umh.es\/?p=1097"},"modified":"2021-09-21T12:24:24","modified_gmt":"2021-09-21T10:24:24","slug":"1097","status":"publish","type":"post","link":"https:\/\/llengues.umh.es\/es\/2021\/05\/07\/1097\/","title":{"rendered":"CONVOCAT\u00d2RIA 2021 D&#8217;AJUDES TFG, TFM, T\u00c8SIS i MEM\u00d2RIES D&#8217;INVESTIGACI\u00d3"},"content":{"rendered":"<p><\/p>\n<h5><img loading=\"lazy\" class=\"wp-image-1094 alignleft\" src=\"https:\/\/llengues.umh.es\/files\/2021\/05\/AjutsInvestigacioValencia_cuadrado.jpg\" alt=\"\" width=\"300\" height=\"300\" srcset=\"https:\/\/llengues.umh.es\/files\/2021\/05\/AjutsInvestigacioValencia_cuadrado.jpg 2423w, https:\/\/llengues.umh.es\/files\/2021\/05\/AjutsInvestigacioValencia_cuadrado-150x150.jpg 150w, https:\/\/llengues.umh.es\/files\/2021\/05\/AjutsInvestigacioValencia_cuadrado-300x300.jpg 300w, https:\/\/llengues.umh.es\/files\/2021\/05\/AjutsInvestigacioValencia_cuadrado-768x768.jpg 768w, https:\/\/llengues.umh.es\/files\/2021\/05\/AjutsInvestigacioValencia_cuadrado-1024x1024.jpg 1024w\" sizes=\"(max-width: 300px) 100vw, 300px\" \/><a href=\"https:\/\/llengues.umh.es\/ajudes-i-convocatories\/\" target=\"_blank\" rel=\"noopener noreferrer\">CONVOCAT\u00d2RIA 2021 D&#8217;AJUDES PER A ELABORAR<\/a><\/h5>\n<ul>\n<li style=\"list-style-type: none\">\n<ul>\n<li>TESIS DOCTORALS<\/li>\n<li>TREBALLS FI DE GRAU <em>(TFG)<\/em><\/li>\n<li>TREBALLS FI DE M\u00c0STER <em>(TFM)<\/em><\/li>\n<li>MEM\u00d2RIES D&#8217;INVESTIGACI\u00d3 EN VALENCI\u00c0<\/li>\n<\/ul>\n<\/li>\n<\/ul>\n<p>OBJECTE<br \/>\nAmb la finalitat d\u2019estimular l\u2019\u00fas del valenci\u00e0 en l\u2019\u00e0mbit de la investigaci\u00f3, l&#8217;Oficina de Lleng\u00fces de la Universitat Miguel Hern\u00e1ndez d\u2019Elx fa una convocat\u00f2ria p\u00fablica per a la concessi\u00f3 d\u2019ajudes a l\u2019elaboraci\u00f3 en valenci\u00e0 de tesis, treballs fi de grau, treballs fi de m\u00e0ster i mem\u00f2ries d\u2019investigaci\u00f3 o equivalents d\u2019estudiants de la Universitat Miguel Hern\u00e1ndez d\u2019Elx.<\/p>","protected":false},"excerpt":{"rendered":"<p>CONVOCAT\u00d2RIA 2021 D&#8217;AJUDES PER A ELABORAR<\/p>\n<p>TESIS DOCTORALS<br \/>\nTREBALLS FI DE GRAU (TFG)<br \/>\nTREBALLS FI DE M\u00c0STER (TFM)<br \/>\nMEM\u00d2RIES D&#8217;INVESTIGACI\u00d3 EN VALENCI\u00c0<\/p>\n<p>OBJECTE<br \/>\nAmb la finalitat d\u2019estimular l\u2019\u00fas del valenci\u00e0 en l\u2019\u00e0mbit de la investigaci\u00f3, l&#8217;Oficina de Lleng\u00fces de la Universitat Miguel Hern\u00e1ndez d\u2019Elx fa una convocat\u00f2ria p\u00fablica per a la concessi\u00f3 d\u2019ajudes a l\u2019elaboraci\u00f3 en valenci\u00e0 de tesis, treballs fi [&#8230;]<\/p>\n","protected":false},"author":3564,"featured_media":0,"comment_status":"closed","ping_status":"open","sticky":false,"template":"","format":"standard","meta":{"_links_to":"","_links_to_target":""},"categories":[567,65,630,3298],"tags":[],"_links":{"self":[{"href":"https:\/\/llengues.umh.es\/es\/wp-json\/wp\/v2\/posts\/1097"}],"collection":[{"href":"https:\/\/llengues.umh.es\/es\/wp-json\/wp\/v2\/posts"}],"about":[{"href":"https:\/\/llengues.umh.es\/es\/wp-json\/wp\/v2\/types\/post"}],"author":[{"embeddable":true,"href":"https:\/\/llengues.umh.es\/es\/wp-json\/wp\/v2\/users\/3564"}],"replies":[{"embeddable":true,"href":"https:\/\/llengues.umh.es\/es\/wp-json\/wp\/v2\/comments?post=1097"}],"version-history":[{"count":0,"href":"https:\/\/llengues.umh.es\/es\/wp-json\/wp\/v2\/posts\/1097\/revisions"}],"wp:attachment":[{"href":"https:\/\/llengues.umh.es\/es\/wp-json\/wp\/v2\/media?parent=1097"}],"wp:term":[{"taxonomy":"category","embeddable":true,"href":"https:\/\/llengues.umh.es\/es\/wp-json\/wp\/v2\/categories?post=1097"},{"taxonomy":"post_tag","embeddable":true,"href":"https:\/\/llengues.umh.es\/es\/wp-json\/wp\/v2\/tags?post=1097"}],"curies":[{"name":"wp","href":"https:\/\/api.w.org\/{rel}","templated":true}]}}