{"id":1441,"date":"2022-02-07T12:01:50","date_gmt":"2022-02-07T11:01:50","guid":{"rendered":"https:\/\/llengues.umh.es\/?p=1441"},"modified":"2024-12-12T12:14:55","modified_gmt":"2024-12-12T11:14:55","slug":"exposicio-la-llibertat-conscient","status":"publish","type":"post","link":"https:\/\/llengues.umh.es\/es\/2022\/02\/07\/exposicio-la-llibertat-conscient\/","title":{"rendered":"Exposici\u00f3 La llibertat conscient"},"content":{"rendered":"<p><\/p>\n<h4>Exposici\u00f3 La llibertat conscient<\/h4>\n<p>El Vicerectorat de Cultura de la Universitat Miguel Hern\u00e1ndez d\u2019Elx presenta l\u2019exposici\u00f3 itinerant \u2018Teresa Juv\u00e9. La llibertat conscient\u2019, organitzada per la Instituci\u00f3 de les Lletres Catalanes, la qual repassa totes les facetes de la vida de l\u2019escriptora. Aquesta mostra romandr\u00e0 oberta fins el 24 de febrer a l\u2019Espai Cultural Obert (ECO) de l\u2019edifici Altabix del campus d\u2019Elx.<span id=\"more-150043\"><\/span><\/p>\n<p><img loading=\"lazy\" class=\"wp-image-1417 alignleft\" src=\"https:\/\/llengues.umh.es\/files\/2022\/01\/LaLlibertatConscient_cartellweb-1.jpg\" alt=\"\" width=\"260\" height=\"367\" srcset=\"https:\/\/llengues.umh.es\/files\/2022\/01\/LaLlibertatConscient_cartellweb-1.jpg 1240w, https:\/\/llengues.umh.es\/files\/2022\/01\/LaLlibertatConscient_cartellweb-1-212x300.jpg 212w, https:\/\/llengues.umh.es\/files\/2022\/01\/LaLlibertatConscient_cartellweb-1-724x1024.jpg 724w, https:\/\/llengues.umh.es\/files\/2022\/01\/LaLlibertatConscient_cartellweb-1-768x1086.jpg 768w, https:\/\/llengues.umh.es\/files\/2022\/01\/LaLlibertatConscient_cartellweb-1-1086x1536.jpg 1086w\" sizes=\"(max-width: 260px) 100vw, 260px\" \/>Teresa Juv\u00e9 Acero (Madrid, 1921) \u00e9s pedagoga i escriptora. El 1963, va quedar finalista del Premi Nadal amb la seva primera novel\u00b7la, \u2018La charca en la ciudad\u2019, obra de la qual en publica, molts anys m\u00e9s tard, la versi\u00f3 catalana amb el t\u00edtol \u2018L\u2019aiguamort a la ciutat\u2019 (R\u00fabrica Editorial, 2005). \u00c9s autora de la s\u00e8rie de novel\u00b7les protagonitzades pel portantveus del rei, Jaume Plagum\u00e0. Aquestes obres, ambientades a la Catalunya de finals del segle XVI, combinen els g\u00e8neres hist\u00f2ric i detectivesc. Enguany, s\u2019ha publicat \u2018El degollador de Vallvidrera\u2019 (Editorial Meteora, 2021), la vuitena entrega d\u2019aquest conjunt. Tamb\u00e9, \u00e9s autora, entre d\u2019altres, del llibre autobiogr\u00e0fic \u2018Tu ets jo. Flaixos per al meu blog\u2019 (Editorial Meteora, 2015), on narra, amb un mestratge i lucidesa \u00fanics, les seves intenses viv\u00e8ncies.<\/p>\n<p>Amb motiu del cent\u00e8 aniversari de l\u2019autora, el Govern de la Generalitat de Catalunya va aprovar la celebraci\u00f3 de l\u2019Any Teresa Juv\u00e9 al llarg del 2021. L\u2019objectiu principal d\u2019aquesta commemoraci\u00f3 \u00e9s donar tota la visibilitat que mereix la traject\u00f2ria vital, excepcional i compromesa, d\u2019alg\u00fa que ha fet de la lluita per la llibertat i la dignitat el seu principal impuls motor, tant en l\u2019\u00e0mbit pr\u00e0ctic i personal com te\u00f2ric i creatiu. Aix\u00ed mateix, l\u2019Any Teresa Juv\u00e9 ha de servir per divulgar encara m\u00e9s una obra liter\u00e0ria molt rellevant i ingent, sempre s\u00e0via i erudita. Cal destacar, en aquest sentit, la recent publicaci\u00f3 d\u2019El degollador de Vallvidrera, ja que el fet que la persona homenatjada es trobi en plena activitat creativa, dota la vigent commemoraci\u00f3 d\u2019una singularitat del tot remarcable.<\/p>","protected":false},"excerpt":{"rendered":"<p>Exposici\u00f3 La llibertat conscient<br \/>\nEl Vicerectorat de Cultura de la Universitat Miguel Hern\u00e1ndez d\u2019Elx presenta l\u2019exposici\u00f3 itinerant \u2018Teresa Juv\u00e9. La llibertat conscient\u2019, organitzada per la Instituci\u00f3 de les Lletres Catalanes, la qual repassa totes les facetes de la vida de l\u2019escriptora. Aquesta mostra romandr\u00e0 oberta fins el 24 de febrer a l\u2019Espai Cultural Obert (ECO) de [&#8230;]<\/p>\n","protected":false},"author":3564,"featured_media":0,"comment_status":"closed","ping_status":"open","sticky":false,"template":"","format":"standard","meta":{"_links_to":"","_links_to_target":""},"categories":[70376],"tags":[70376,70398],"_links":{"self":[{"href":"https:\/\/llengues.umh.es\/es\/wp-json\/wp\/v2\/posts\/1441"}],"collection":[{"href":"https:\/\/llengues.umh.es\/es\/wp-json\/wp\/v2\/posts"}],"about":[{"href":"https:\/\/llengues.umh.es\/es\/wp-json\/wp\/v2\/types\/post"}],"author":[{"embeddable":true,"href":"https:\/\/llengues.umh.es\/es\/wp-json\/wp\/v2\/users\/3564"}],"replies":[{"embeddable":true,"href":"https:\/\/llengues.umh.es\/es\/wp-json\/wp\/v2\/comments?post=1441"}],"version-history":[{"count":0,"href":"https:\/\/llengues.umh.es\/es\/wp-json\/wp\/v2\/posts\/1441\/revisions"}],"wp:attachment":[{"href":"https:\/\/llengues.umh.es\/es\/wp-json\/wp\/v2\/media?parent=1441"}],"wp:term":[{"taxonomy":"category","embeddable":true,"href":"https:\/\/llengues.umh.es\/es\/wp-json\/wp\/v2\/categories?post=1441"},{"taxonomy":"post_tag","embeddable":true,"href":"https:\/\/llengues.umh.es\/es\/wp-json\/wp\/v2\/tags?post=1441"}],"curies":[{"name":"wp","href":"https:\/\/api.w.org\/{rel}","templated":true}]}}