{"id":1610,"date":"2022-05-18T10:24:40","date_gmt":"2022-05-18T08:24:40","guid":{"rendered":"https:\/\/llengues.umh.es\/?p=1610"},"modified":"2022-05-18T11:14:07","modified_gmt":"2022-05-18T09:14:07","slug":"cicle-de-cinema-en-valencia-alcarras","status":"publish","type":"post","link":"https:\/\/llengues.umh.es\/es\/2022\/05\/18\/cicle-de-cinema-en-valencia-alcarras\/","title":{"rendered":"<span lang=\"ca\">(Valenci\u00e0) CICLE DE CINEMA EN VALENCI\u00c0 &#8211; ALCARR\u00c0S<\/span>"},"content":{"rendered":"<p><\/p>\n<h4>CICLE DE CINEMA EN VALENCI\u00c0 &#8211; ALCARR\u00c0S<\/h4>\n<p><img loading=\"lazy\" class=\" wp-image-1613 alignleft\" src=\"https:\/\/llengues.umh.es\/files\/2022\/05\/22-05-cicle-cinema-Alcarras-212x300.jpg\" alt=\"\" width=\"238\" height=\"337\" srcset=\"https:\/\/llengues.umh.es\/files\/2022\/05\/22-05-cicle-cinema-Alcarras-212x300.jpg 212w, https:\/\/llengues.umh.es\/files\/2022\/05\/22-05-cicle-cinema-Alcarras-724x1024.jpg 724w, https:\/\/llengues.umh.es\/files\/2022\/05\/22-05-cicle-cinema-Alcarras-768x1086.jpg 768w, https:\/\/llengues.umh.es\/files\/2022\/05\/22-05-cicle-cinema-Alcarras-1087x1536.jpg 1087w, https:\/\/llengues.umh.es\/files\/2022\/05\/22-05-cicle-cinema-Alcarras.jpg 1240w\" sizes=\"(max-width: 238px) 100vw, 238px\" \/><\/p>\n<p>El vicerectorat de Cultura de la Universitat Miguel Hern\u00e1ndez d\u2019Elx finalitza el cicle de cinema en valenci\u00e0 a la sala Odeon\u00a0d\u2019Elx el proper 26 de maig, en passes de 20:00 i 22:30 hores amb la pel\u00b7l\u00edcula Alcarr\u00e0s, de Carla Simon, guanyadora del darrer \u00d3s d\u2019Or a la Berlinale. Es tracta del premi m\u00e9s important en la hist\u00f2ria del cinema catal\u00e0, el triomf d&#8217;una directora catalana en un dels festivals de m\u00e9s prestigi i import\u00e0ncia. Amb el m\u00e8rit afegit que \u00e9s una obra en catal\u00e0 ambientada al poble del t\u00edtol i que parla dels vincles de les persones amb la terra que treballen, una hist\u00f2ria absolutament local i alhora profundament universal.<\/p>\n<p>Sinopsi: Durant generacions, la fam\u00edlia Sol\u00e9 cultiva una gran extensi\u00f3 de presseguers a Alcarr\u00e0s, una petita localitat rural de Catalunya. Per\u00f2 aquest estiu, despr\u00e9s de vuitanta anys cultivant la mateixa terra, potser \u00e9s la seua \u00faltima collita.<\/p>\n<p>Aquest cicle ha tingut la col\u00b7laboraci\u00f3 d\u2019El Tempir, l\u2019Institut d\u2019Estudis Comarcals del Baix Vinalop\u00f3, ACPV-Casal Elx, el Cineclub Luis Bu\u00f1uel i el cinema Odeon d\u2019Elx. L\u2019entrada \u00e9s lliure per\u00f2 limitada a l\u2019aforament de la sala.<\/p>","protected":false},"excerpt":{"rendered":"<p>CICLE DE CINEMA EN VALENCI\u00c0 &#8211; ALCARR\u00c0S<\/p>\n<p>El vicerectorat de Cultura de la Universitat Miguel Hern\u00e1ndez d\u2019Elx finalitza el cicle de cinema en valenci\u00e0 a la sala Odeon\u00a0d\u2019Elx el proper 26 de maig, en passes de 20:00 i 22:30 hores amb la pel\u00b7l\u00edcula Alcarr\u00e0s, de Carla Simon, guanyadora del darrer \u00d3s d\u2019Or a la Berlinale. Es [&#8230;]<\/p>\n","protected":false},"author":3564,"featured_media":0,"comment_status":"closed","ping_status":"open","sticky":false,"template":"","format":"standard","meta":{"_links_to":"","_links_to_target":""},"categories":[4047,565,144,4,3298],"tags":[],"_links":{"self":[{"href":"https:\/\/llengues.umh.es\/es\/wp-json\/wp\/v2\/posts\/1610"}],"collection":[{"href":"https:\/\/llengues.umh.es\/es\/wp-json\/wp\/v2\/posts"}],"about":[{"href":"https:\/\/llengues.umh.es\/es\/wp-json\/wp\/v2\/types\/post"}],"author":[{"embeddable":true,"href":"https:\/\/llengues.umh.es\/es\/wp-json\/wp\/v2\/users\/3564"}],"replies":[{"embeddable":true,"href":"https:\/\/llengues.umh.es\/es\/wp-json\/wp\/v2\/comments?post=1610"}],"version-history":[{"count":0,"href":"https:\/\/llengues.umh.es\/es\/wp-json\/wp\/v2\/posts\/1610\/revisions"}],"wp:attachment":[{"href":"https:\/\/llengues.umh.es\/es\/wp-json\/wp\/v2\/media?parent=1610"}],"wp:term":[{"taxonomy":"category","embeddable":true,"href":"https:\/\/llengues.umh.es\/es\/wp-json\/wp\/v2\/categories?post=1610"},{"taxonomy":"post_tag","embeddable":true,"href":"https:\/\/llengues.umh.es\/es\/wp-json\/wp\/v2\/tags?post=1610"}],"curies":[{"name":"wp","href":"https:\/\/api.w.org\/{rel}","templated":true}]}}