{"id":1922,"date":"2023-03-27T11:15:01","date_gmt":"2023-03-27T09:15:01","guid":{"rendered":"https:\/\/llengues.umh.es\/?p=1922"},"modified":"2023-06-28T10:52:08","modified_gmt":"2023-06-28T08:52:08","slug":"1922","status":"publish","type":"post","link":"https:\/\/llengues.umh.es\/es\/2023\/03\/27\/1922\/","title":{"rendered":"Proves d&#8217;acreditaci\u00f3 de valenci\u00e0 CIEACOVA convocat\u00f2ria maig-juny 2023"},"content":{"rendered":"<p><\/p>\n<h5>Proves d&#8217;acreditaci\u00f3 de valenci\u00e0 CIEACOVA convocat\u00f2ria maig-juny 2023<\/h5>\n<p><a href=\"https:\/\/llengues.umh.es\/files\/2020\/07\/CIEACOVA-N.png\"><img loading=\"lazy\" class=\" wp-image-641 alignleft\" src=\"https:\/\/llengues.umh.es\/files\/2020\/07\/CIEACOVA-N.png\" alt=\"\" width=\"305\" height=\"214\" \/><\/a>Obert el termini de matr\u00edcula de les proves d&#8217;acreditaci\u00f3 de valenci\u00e0 CIEACOVA convocat\u00f2ria maig-juny 2023.<\/p>\n<p>Termini de matr\u00edcula del 27 de mar\u00e7 al 4 d&#8217;abril.<\/p>\n<p><strong>Nivells A2, B1, B1, B2, C1 i C2<\/strong><\/p>\n<p><span style=\"color: #800000\"><em><strong>QUI ES POT MATRICULAR A LA UMH ?<\/strong><\/em><\/span><\/p>\n<p>* <strong>Estudiantat de la UMH<\/strong> d\u2019estudis oficials (actual i egressat)<br \/>\n* <strong>Estudiantat de cursos de valenci\u00e0 del Centre d\u2019Idiomes UMH<\/strong><br \/>\n* <strong>PAS I PDI de la UMH<\/strong><\/p>\n<p>Tota la informaci\u00f3 en <a href=\"https:\/\/llengues.umh.es\/\" target=\"_blank\" rel=\"noopener\">Oficina de llengues UMH<\/a><\/p>","protected":false},"excerpt":{"rendered":"<p>Proves d&#8217;acreditaci\u00f3 de valenci\u00e0 CIEACOVA convocat\u00f2ria maig-juny 2023<br \/>\nObert el termini de matr\u00edcula de les proves d&#8217;acreditaci\u00f3 de valenci\u00e0 CIEACOVA convocat\u00f2ria maig-juny 2023.<br \/>\nTermini de matr\u00edcula del 27 de mar\u00e7 al 4 d&#8217;abril.<br \/>\nNivells A2, B1, B1, B2, C1 i C2<br \/>\nQUI ES POT MATRICULAR A LA UMH ?<br \/>\n* Estudiantat de la UMH d\u2019estudis oficials (actual i egressat)<br \/>\n* Estudiantat [&#8230;]<\/p>\n","protected":false},"author":3564,"featured_media":0,"comment_status":"closed","ping_status":"open","sticky":false,"template":"","format":"standard","meta":{"_links_to":"","_links_to_target":""},"categories":[4047,291465,3298],"tags":[],"_links":{"self":[{"href":"https:\/\/llengues.umh.es\/es\/wp-json\/wp\/v2\/posts\/1922"}],"collection":[{"href":"https:\/\/llengues.umh.es\/es\/wp-json\/wp\/v2\/posts"}],"about":[{"href":"https:\/\/llengues.umh.es\/es\/wp-json\/wp\/v2\/types\/post"}],"author":[{"embeddable":true,"href":"https:\/\/llengues.umh.es\/es\/wp-json\/wp\/v2\/users\/3564"}],"replies":[{"embeddable":true,"href":"https:\/\/llengues.umh.es\/es\/wp-json\/wp\/v2\/comments?post=1922"}],"version-history":[{"count":0,"href":"https:\/\/llengues.umh.es\/es\/wp-json\/wp\/v2\/posts\/1922\/revisions"}],"wp:attachment":[{"href":"https:\/\/llengues.umh.es\/es\/wp-json\/wp\/v2\/media?parent=1922"}],"wp:term":[{"taxonomy":"category","embeddable":true,"href":"https:\/\/llengues.umh.es\/es\/wp-json\/wp\/v2\/categories?post=1922"},{"taxonomy":"post_tag","embeddable":true,"href":"https:\/\/llengues.umh.es\/es\/wp-json\/wp\/v2\/tags?post=1922"}],"curies":[{"name":"wp","href":"https:\/\/api.w.org\/{rel}","templated":true}]}}