{"id":1936,"date":"2023-04-03T12:14:22","date_gmt":"2023-04-03T10:14:22","guid":{"rendered":"https:\/\/llengues.umh.es\/?p=1936"},"modified":"2024-12-05T13:32:32","modified_gmt":"2024-12-05T12:32:32","slug":"1936","status":"publish","type":"post","link":"https:\/\/llengues.umh.es\/es\/2023\/04\/03\/1936\/","title":{"rendered":"Joan Fuster &#8211; Josep Pla: una conversa infinita"},"content":{"rendered":"<p><\/p>\n<h5>Joan Fuster &#8211; Josep Pla: una conversa infinita<\/h5>\n<p>&nbsp;<\/p>\n<table border=\"0\" width=\"100%\" cellspacing=\"0\" cellpadding=\"0\">\n<tbody>\n<tr>\n<td>\n<h5>Joan Fuster &#8211; Josep Pla: una conversa infinita<\/h5>\n<\/td>\n<\/tr>\n<tr>\n<td>Del 10 de mar\u00e7 al 15 d&#8217;abril<\/td>\n<\/tr>\n<tr>\n<td>\n<div>\n<p><a href=\"https:\/\/llengues.umh.es\/files\/2023\/04\/unnamed.jpg\"><img loading=\"lazy\" class=\"size-full wp-image-1930 alignleft\" src=\"https:\/\/llengues.umh.es\/files\/2023\/04\/unnamed.jpg\" alt=\"\" width=\"401\" height=\"915\" srcset=\"https:\/\/llengues.umh.es\/files\/2023\/04\/unnamed.jpg 401w, https:\/\/llengues.umh.es\/files\/2023\/04\/unnamed-131x300.jpg 131w\" sizes=\"(max-width: 401px) 100vw, 401px\" \/><\/a>Josep Pla (Palafrugell, 1897-1981) i Joan Fuster (Sueca, 1922-1992) s\u00f3n els dos escriptors m\u00e9s decisius de la literatura catalana del segle XX. Al marge de les difer\u00e8ncies generacionals o ideol\u00f2giques, la seva manera d\u2019entendre la literatura i el pa\u00eds no nom\u00e9s s\u00f3n complement\u00e0ries, sin\u00f3 que mostren unes grans afinitats: referents literaris compartits, preocupacions semblants, dedicaci\u00f3 paral\u00b7lela al periodisme, editors en com\u00fa. Amb aquesta exposici\u00f3 volem il\u00b7lustrar com les seves traject\u00f2ries particulars s\u2019entrellacen entre articles, llibres i cartes; construint una posteritat de paper que ens permet apreciar-los, avui, com una unitat liter\u00e0ria i com una s\u00f2lida columna que sustenta la cultura catalana de la segona meitat del segle XX.<\/p>\n<p><em>De dilluns a divendres de 10.00h a 21.00h.<br \/>\nDissabtes, diumenges i festius: tancat<\/em><br \/>\n\u2014<br \/>\nUna producci\u00f3 de la\u00a0<a href=\"https:\/\/urldefense.com\/v3\/__https:\/\/newsletter.octubre.cat\/c\/ne30o1\/pe6er_ym\/zciknmjn1xu__;!!D9dNQwwGXtA!XStIjt7BI0b10yJM_YMZuJnhYAakVJEQqoRYZRG2zEGHgaOqo9FYUHSJiz4hD5p3u6DS0Yp985cWx3CR_aEz$\" target=\"_blank\" rel=\"noopener\" data-saferedirecturl=\"https:\/\/www.google.com\/url?q=https:\/\/urldefense.com\/v3\/__https:\/\/newsletter.octubre.cat\/c\/ne30o1\/pe6er_ym\/zciknmjn1xu__;!!D9dNQwwGXtA!XStIjt7BI0b10yJM_YMZuJnhYAakVJEQqoRYZRG2zEGHgaOqo9FYUHSJiz4hD5p3u6DS0Yp985cWx3CR_aEz$&amp;source=gmail&amp;ust=1680603065449000&amp;usg=AOvVaw0MH9Uodid0yAl-E7fDNU6H\">Fundaci\u00f3 Josep Pla<\/a><br \/>\nComissari:\u00a0<strong>Antoni Mart\u00ed Monterde<\/strong><\/p>\n<\/div>\n<\/td>\n<\/tr>\n<\/tbody>\n<\/table>\n<p>&nbsp;<\/p>","protected":false},"excerpt":{"rendered":"<p>Joan Fuster &#8211; Josep Pla: una conversa infinita<br \/>\n&nbsp;<\/p>\n<p>Joan Fuster &#8211; Josep Pla: una conversa infinita<\/p>\n<p>Del 10 de mar\u00e7 al 15 d&#8217;abril<\/p>\n<p>Josep Pla (Palafrugell, 1897-1981) i Joan Fuster (Sueca, 1922-1992) s\u00f3n els dos escriptors m\u00e9s decisius de la literatura catalana del segle XX. Al marge de les difer\u00e8ncies generacionals o ideol\u00f2giques, la seva manera d\u2019entendre la [&#8230;]<\/p>\n","protected":false},"author":3564,"featured_media":0,"comment_status":"closed","ping_status":"open","sticky":false,"template":"","format":"standard","meta":{"_links_to":"","_links_to_target":""},"categories":[4047,565,4,357,3298],"tags":[70376,70398],"_links":{"self":[{"href":"https:\/\/llengues.umh.es\/es\/wp-json\/wp\/v2\/posts\/1936"}],"collection":[{"href":"https:\/\/llengues.umh.es\/es\/wp-json\/wp\/v2\/posts"}],"about":[{"href":"https:\/\/llengues.umh.es\/es\/wp-json\/wp\/v2\/types\/post"}],"author":[{"embeddable":true,"href":"https:\/\/llengues.umh.es\/es\/wp-json\/wp\/v2\/users\/3564"}],"replies":[{"embeddable":true,"href":"https:\/\/llengues.umh.es\/es\/wp-json\/wp\/v2\/comments?post=1936"}],"version-history":[{"count":0,"href":"https:\/\/llengues.umh.es\/es\/wp-json\/wp\/v2\/posts\/1936\/revisions"}],"wp:attachment":[{"href":"https:\/\/llengues.umh.es\/es\/wp-json\/wp\/v2\/media?parent=1936"}],"wp:term":[{"taxonomy":"category","embeddable":true,"href":"https:\/\/llengues.umh.es\/es\/wp-json\/wp\/v2\/categories?post=1936"},{"taxonomy":"post_tag","embeddable":true,"href":"https:\/\/llengues.umh.es\/es\/wp-json\/wp\/v2\/tags?post=1936"}],"curies":[{"name":"wp","href":"https:\/\/api.w.org\/{rel}","templated":true}]}}