{"id":1937,"date":"2023-04-03T12:31:02","date_gmt":"2023-04-03T10:31:02","guid":{"rendered":"https:\/\/llengues.umh.es\/?p=1937"},"modified":"2023-06-28T11:55:55","modified_gmt":"2023-06-28T09:55:55","slug":"1937","status":"publish","type":"post","link":"https:\/\/llengues.umh.es\/es\/2023\/04\/03\/1937\/","title":{"rendered":"Convocat\u00f2ria dels Premis El Temps de les Arts"},"content":{"rendered":"<p><\/p>\n<h5><span style=\"color: #000000\">Tercera convocat\u00f2ria dels Premis El Temps de les Arts<\/span><\/h5>\n<p><span style=\"color: #000000\"><span style=\"font-family: TimesNewRomanPSMT\"><span style=\"font-size: medium\"><span lang=\"ca-ES\"><a href=\"https:\/\/llengues.umh.es\/files\/2023\/04\/unnamed-1.jpg\"><img loading=\"lazy\" class=\"wp-image-1940 alignleft\" src=\"https:\/\/llengues.umh.es\/files\/2023\/04\/unnamed-1.jpg\" alt=\"\" width=\"438\" height=\"193\" srcset=\"https:\/\/llengues.umh.es\/files\/2023\/04\/unnamed-1.jpg 682w, https:\/\/llengues.umh.es\/files\/2023\/04\/unnamed-1-300x132.jpg 300w\" sizes=\"(max-width: 438px) 100vw, 438px\" \/>E<\/a>ls premis estan oberts a projectes generats durant el <strong>per\u00edode 2022-2023\u00a0<\/strong>en tots els territoris del nostre domini ling\u00fc\u00edstic. L\u2019objectiu \u00e9s premiar l\u2019excel\u00b7l\u00e8ncia i el valor art\u00edstic i patrimonial, aix\u00ed com l\u2019impacte social i transformador dels nostres creadors i creadores.<\/span><\/span><\/span><\/span><\/p>\n<p><span style=\"color: #000000\"><span style=\"font-family: TimesNewRomanPSMT\"><span style=\"font-size: medium\"><span lang=\"ca-ES\">Totes les propostes seran valorades per un jurat de tota solv\u00e8ncia. Els guardonats, que rebran una pe\u00e7a de l\u2019artista Perejaume i 3.000 euros, es donaran a con\u00e8ixer a finals d\u2019any, novament amb un ambici\u00f3s audiovisual de Llu\u00eds Dan\u00e9s que ser\u00e0 retransm\u00e8s simult\u00e0niament a totes les televisions i r\u00e0dios p\u00fabliques de tots els nostres territoris.<\/span><\/span><\/span><\/span><\/p>\n<p>Us animem a participar i fer difusi\u00f3 d\u2019aquesta convocat\u00f2ria. Aix\u00ed mateix, us engresquem a presentar propostes o transmetre la informaci\u00f3 a totes aquelles institucions, col\u00b7lectius o particulars que hi puguen estar interessats.<\/p>\n<p>Els premis d\u2019enguany tindran les seg\u00fcents categories:<\/p>\n<p><strong>Arts Visuals<br \/>\nArts Esc\u00e8niques<br \/>\nM\u00fasica Cl\u00e0ssica<br \/>\nM\u00fasica Popular<br \/>\nArquitectura<br \/>\nPatrimoni<br \/>\nCinema Experimental<\/strong><\/p>\n<p><span style=\"color: #000000\"><span style=\"font-family: TimesNewRomanPSMT\"><span style=\"font-size: medium\"><span lang=\"ca-ES\">Les bases i tota la informaci\u00f3 la trobareu al web\u00a0<\/span><\/span><\/span><\/span><span style=\"color: #000080\"><span lang=\"zxx\"><u><a href=\"https:\/\/urldefense.com\/v3\/__https:\/\/eltemps.us9.list-manage.com\/track\/click?u=f782f7d45b18a67781bfb0a80&amp;id=1e9d96419f&amp;e=ee3bb7a942__;!!D9dNQwwGXtA!VKtt8isP9K0oBcl7eMPUEiX6ICF0t_YHM0MGH4j9YMoOn7XB0hq_7CXQQQDVgcSRwwWrAPC1weXs9bKahmQPF5YTfRI$\" target=\"_blank\" rel=\"noopener\" data-saferedirecturl=\"https:\/\/www.google.com\/url?q=https:\/\/urldefense.com\/v3\/__https:\/\/eltemps.us9.list-manage.com\/track\/click?u%3Df782f7d45b18a67781bfb0a80%26id%3D1e9d96419f%26e%3Dee3bb7a942__;!!D9dNQwwGXtA!VKtt8isP9K0oBcl7eMPUEiX6ICF0t_YHM0MGH4j9YMoOn7XB0hq_7CXQQQDVgcSRwwWrAPC1weXs9bKahmQPF5YTfRI$&amp;source=gmail&amp;ust=1680603102520000&amp;usg=AOvVaw2GIxSkt9uIrstUsBCbdYU5\"><span style=\"color: #000000\"><span style=\"font-family: TimesNewRomanPSMT\"><span style=\"font-size: medium\"><span lang=\"ca-ES\">http:\/\/premis.tempsarts.cat\/<\/span><\/span><\/span><\/span><\/a><\/u><\/span><\/span><br \/>\n<span style=\"color: #000000\"><span style=\"font-family: TimesNewRomanPSMT\"><span style=\"font-size: medium\"><span lang=\"ca-ES\">de 2023.\u00a0<strong><u>El termini per presentar projectes \u00e9s fins el dia 30 de juny<\/u><\/strong><\/span><\/span><\/span><\/span><\/p>","protected":false},"excerpt":{"rendered":"<p>Tercera convocat\u00f2ria dels Premis El Temps de les Arts<br \/>\nEls premis estan oberts a projectes generats durant el per\u00edode 2022-2023\u00a0en tots els territoris del nostre domini ling\u00fc\u00edstic. L\u2019objectiu \u00e9s premiar l\u2019excel\u00b7l\u00e8ncia i el valor art\u00edstic i patrimonial, aix\u00ed com l\u2019impacte social i transformador dels nostres creadors i creadores.<br \/>\nTotes les propostes seran valorades per un jurat de [&#8230;]<\/p>\n","protected":false},"author":3564,"featured_media":0,"comment_status":"closed","ping_status":"open","sticky":false,"template":"","format":"standard","meta":{"_links_to":"","_links_to_target":""},"categories":[4047,565,65,4,291470,3298],"tags":[],"_links":{"self":[{"href":"https:\/\/llengues.umh.es\/es\/wp-json\/wp\/v2\/posts\/1937"}],"collection":[{"href":"https:\/\/llengues.umh.es\/es\/wp-json\/wp\/v2\/posts"}],"about":[{"href":"https:\/\/llengues.umh.es\/es\/wp-json\/wp\/v2\/types\/post"}],"author":[{"embeddable":true,"href":"https:\/\/llengues.umh.es\/es\/wp-json\/wp\/v2\/users\/3564"}],"replies":[{"embeddable":true,"href":"https:\/\/llengues.umh.es\/es\/wp-json\/wp\/v2\/comments?post=1937"}],"version-history":[{"count":0,"href":"https:\/\/llengues.umh.es\/es\/wp-json\/wp\/v2\/posts\/1937\/revisions"}],"wp:attachment":[{"href":"https:\/\/llengues.umh.es\/es\/wp-json\/wp\/v2\/media?parent=1937"}],"wp:term":[{"taxonomy":"category","embeddable":true,"href":"https:\/\/llengues.umh.es\/es\/wp-json\/wp\/v2\/categories?post=1937"},{"taxonomy":"post_tag","embeddable":true,"href":"https:\/\/llengues.umh.es\/es\/wp-json\/wp\/v2\/tags?post=1937"}],"curies":[{"name":"wp","href":"https:\/\/api.w.org\/{rel}","templated":true}]}}