{"id":2000,"date":"2023-05-15T08:30:01","date_gmt":"2023-05-15T06:30:01","guid":{"rendered":"https:\/\/llengues.umh.es\/?p=2000"},"modified":"2024-12-05T13:46:47","modified_gmt":"2024-12-05T12:46:47","slug":"recuperem-el-verd-amb-carme-miquel","status":"publish","type":"post","link":"https:\/\/llengues.umh.es\/es\/2023\/05\/15\/recuperem-el-verd-amb-carme-miquel\/","title":{"rendered":"<span lang=\"ca\">(Valenci\u00e0) Recuperem el verd, amb Carme Miquel<\/span>"},"content":{"rendered":"<p><\/p>\n<h5><a href=\"https:\/\/llengues.umh.es\/files\/2023\/05\/ELX_Cartell_EXPO_CarmeMiquel.jpg\"><img loading=\"lazy\" class=\"wp-image-2006 alignleft\" src=\"https:\/\/llengues.umh.es\/files\/2023\/05\/ELX_Cartell_EXPO_CarmeMiquel-724x1024.jpg\" alt=\"\" width=\"349\" height=\"493\" srcset=\"https:\/\/llengues.umh.es\/files\/2023\/05\/ELX_Cartell_EXPO_CarmeMiquel-724x1024.jpg 724w, https:\/\/llengues.umh.es\/files\/2023\/05\/ELX_Cartell_EXPO_CarmeMiquel-212x300.jpg 212w, https:\/\/llengues.umh.es\/files\/2023\/05\/ELX_Cartell_EXPO_CarmeMiquel-768x1086.jpg 768w, https:\/\/llengues.umh.es\/files\/2023\/05\/ELX_Cartell_EXPO_CarmeMiquel-1086x1536.jpg 1086w, https:\/\/llengues.umh.es\/files\/2023\/05\/ELX_Cartell_EXPO_CarmeMiquel-1448x2048.jpg 1448w, https:\/\/llengues.umh.es\/files\/2023\/05\/ELX_Cartell_EXPO_CarmeMiquel.jpg 1684w\" sizes=\"(max-width: 349px) 100vw, 349px\" \/><\/a>Mostra \u201cRecuperem el verd,amb Carme Miquel\u00bb,<\/h5>\n<p>Organitzada per Escola Valenciana amb motiu de les darreres Trobades d\u2019Escoles en valenci\u00e0, que s\u2019inaugura el dilluns 15 de maig a les 12:00h a l\u2019ECO Espai Cultural Obert de l\u2019edifici Altabix.<\/p>\n<p>El Vicerectorat de Cultura i la seua Oficina de Lleng\u00fces UMH tenen el plaer d\u2019anunciar-vos que el proper dilluns, dia 15 de maig de 2023 a les 12:00 hores, a l\u2019espai ECO de l\u2019edifici Altabix i a l\u2019aula 0.6, presentarem l\u2019exposici\u00f3 al voltant de la figura de Carme Miquel, mestra, escriptora, ecofeminista i activista pel valenci\u00e0. Comptarem amb Jaume Fullana, company de Carme Miquel, que ens introduir\u00e0 en el m\u00f3n m\u00e9s personal de l\u2019autora homenatjada. A m\u00e9s a m\u00e9s, Beatriu Mas, d\u2019Escola Valenciana, ens parlar\u00e0 de les unitats did\u00e0ctiques que s\u2019han elaborat per a les Trobades d\u2019Escoles en Valenci\u00e0 d\u2019enguany, que han estat contextualitzades en el tema de l\u2019ecologia amb el lema \u201cRecuperem el verd, amb Carme Miquel\u201d.<br \/>\nL\u2019Oficina de Lleng\u00fces us encoratja a vindre i con\u00e8ixer un poc m\u00e9s sobre la vida, l\u2019obra i l\u2019activisme de Carme Miquel, de segur que no us deixar\u00e0 indiferents.<a href=\"https:\/\/llengues.umh.es\/files\/2023\/05\/23-05-Expo-Carme-Miquel.png\"><img loading=\"lazy\" class=\"wp-image-2003 aligncenter\" src=\"https:\/\/llengues.umh.es\/files\/2023\/05\/23-05-Expo-Carme-Miquel.png\" alt=\"\" width=\"334\" height=\"265\" srcset=\"https:\/\/llengues.umh.es\/files\/2023\/05\/23-05-Expo-Carme-Miquel.png 802w, https:\/\/llengues.umh.es\/files\/2023\/05\/23-05-Expo-Carme-Miquel-300x238.png 300w, https:\/\/llengues.umh.es\/files\/2023\/05\/23-05-Expo-Carme-Miquel-768x609.png 768w\" sizes=\"(max-width: 334px) 100vw, 334px\" \/><\/a><\/p>","protected":false},"excerpt":{"rendered":"<p>Mostra \u201cRecuperem el verd,amb Carme Miquel\u00bb,<br \/>\nOrganitzada per Escola Valenciana amb motiu de les darreres Trobades d\u2019Escoles en valenci\u00e0, que s\u2019inaugura el dilluns 15 de maig a les 12:00h a l\u2019ECO Espai Cultural Obert de l\u2019edifici Altabix.<br \/>\nEl Vicerectorat de Cultura i la seua Oficina de Lleng\u00fces UMH tenen el plaer d\u2019anunciar-vos que el proper dilluns, dia [&#8230;]<\/p>\n","protected":false},"author":3564,"featured_media":0,"comment_status":"closed","ping_status":"open","sticky":false,"template":"","format":"standard","meta":{"_links_to":"","_links_to_target":""},"categories":[70376],"tags":[70376,70398],"_links":{"self":[{"href":"https:\/\/llengues.umh.es\/es\/wp-json\/wp\/v2\/posts\/2000"}],"collection":[{"href":"https:\/\/llengues.umh.es\/es\/wp-json\/wp\/v2\/posts"}],"about":[{"href":"https:\/\/llengues.umh.es\/es\/wp-json\/wp\/v2\/types\/post"}],"author":[{"embeddable":true,"href":"https:\/\/llengues.umh.es\/es\/wp-json\/wp\/v2\/users\/3564"}],"replies":[{"embeddable":true,"href":"https:\/\/llengues.umh.es\/es\/wp-json\/wp\/v2\/comments?post=2000"}],"version-history":[{"count":0,"href":"https:\/\/llengues.umh.es\/es\/wp-json\/wp\/v2\/posts\/2000\/revisions"}],"wp:attachment":[{"href":"https:\/\/llengues.umh.es\/es\/wp-json\/wp\/v2\/media?parent=2000"}],"wp:term":[{"taxonomy":"category","embeddable":true,"href":"https:\/\/llengues.umh.es\/es\/wp-json\/wp\/v2\/categories?post=2000"},{"taxonomy":"post_tag","embeddable":true,"href":"https:\/\/llengues.umh.es\/es\/wp-json\/wp\/v2\/tags?post=2000"}],"curies":[{"name":"wp","href":"https:\/\/api.w.org\/{rel}","templated":true}]}}