{"id":2133,"date":"2023-09-11T10:04:25","date_gmt":"2023-09-11T08:04:25","guid":{"rendered":"https:\/\/llengues.umh.es\/?p=2133"},"modified":"2025-03-31T15:49:24","modified_gmt":"2025-03-31T13:49:24","slug":"2133","status":"publish","type":"post","link":"https:\/\/llengues.umh.es\/es\/2023\/09\/11\/2133\/","title":{"rendered":"Matr\u00edcula CIEACOVA UMH convocat\u00f2ria gener 2024"},"content":{"rendered":"<p><\/p>\n<h4>Matr\u00edcula CIEACOVA UMH convocat\u00f2ria gener 2024<\/h4>\n<p><img loading=\"lazy\" class=\"alignleft\" src=\"https:\/\/eapc-rld.blog.gencat.cat\/wp-content\/uploads\/2018\/10\/23-04-18-cieacova.jpg\" alt=\"L'acreditaci\u00f3 de valenci\u00e0 de les universitats valencianes: CIEACOVA \u2013 M. Josep Soldevila \u2013 RLD blog\" width=\"440\" height=\"331\" \/><\/p>\n<p>Matr\u00edcula del 16 al 22 de novembre de 2023.<\/p>\n<p>Qu\u00e8 \u00e9s la CIEACOVA?<br \/>\nLa Comissi\u00f3 Interuniversit\u00e0ria d\u2019Estandarditzaci\u00f3 d\u2019Acreditacions de Coneixements de Valenci\u00e0<br \/>\n(CIEACOVA) est\u00e0 formada per persones integrants dels serveis ling\u00fc\u00edstics de les universitats<br \/>\nvalencianes.<\/p>\n<p>La UMH disposad\u2019un web espec\u00edfic: llengues.umh.es<\/p>\n<p>Quin reconeixement o validesa tenen els certificats CIEACOVA?<br \/>\nEls certificats de la CIEACOVA s\u00f3n equivalents als corresponents nivells de la Junta Qualificadora<br \/>\nde Coneixements de Valenci\u00e0. De fet, el text que apareix en cada certificat n\u2019explicita el conveni:<br \/>\n\u201cCertificat regulat per la Comissi\u00f3 Interuniversit\u00e0ria d\u2019Estandarditzaci\u00f3 d\u2019Acreditacions de<br \/>\nConeixements de Valenci\u00e0 (CIEACOVA). La normativa que regula les equival\u00e8ncies dels certificats de<br \/>\nla JQCV, que inclouen els de la CIEACOVA, es va publicar en l\u2019Ordre 7\/2017, de 2 de mar\u00e7 de<br \/>\n2017.<\/p>","protected":false},"excerpt":{"rendered":"<p>Matr\u00edcula CIEACOVA UMH convocat\u00f2ria gener 2024<\/p>\n<p>Matr\u00edcula del 16 al 22 de novembre de 2023.<br \/>\nQu\u00e8 \u00e9s la CIEACOVA?<br \/>\nLa Comissi\u00f3 Interuniversit\u00e0ria d\u2019Estandarditzaci\u00f3 d\u2019Acreditacions de Coneixements de Valenci\u00e0<br \/>\n(CIEACOVA) est\u00e0 formada per persones integrants dels serveis ling\u00fc\u00edstics de les universitats<br \/>\nvalencianes.<br \/>\nLa UMH disposad\u2019un web espec\u00edfic: llengues.umh.es<br \/>\nQuin reconeixement o validesa tenen els certificats CIEACOVA?<br \/>\nEls certificats de la CIEACOVA s\u00f3n equivalents als [&#8230;]<\/p>\n","protected":false},"author":3564,"featured_media":0,"comment_status":"closed","ping_status":"open","sticky":false,"template":"","format":"standard","meta":{"_links_to":"","_links_to_target":""},"categories":[4047,65,630,4,291465,3298],"tags":[],"_links":{"self":[{"href":"https:\/\/llengues.umh.es\/es\/wp-json\/wp\/v2\/posts\/2133"}],"collection":[{"href":"https:\/\/llengues.umh.es\/es\/wp-json\/wp\/v2\/posts"}],"about":[{"href":"https:\/\/llengues.umh.es\/es\/wp-json\/wp\/v2\/types\/post"}],"author":[{"embeddable":true,"href":"https:\/\/llengues.umh.es\/es\/wp-json\/wp\/v2\/users\/3564"}],"replies":[{"embeddable":true,"href":"https:\/\/llengues.umh.es\/es\/wp-json\/wp\/v2\/comments?post=2133"}],"version-history":[{"count":0,"href":"https:\/\/llengues.umh.es\/es\/wp-json\/wp\/v2\/posts\/2133\/revisions"}],"wp:attachment":[{"href":"https:\/\/llengues.umh.es\/es\/wp-json\/wp\/v2\/media?parent=2133"}],"wp:term":[{"taxonomy":"category","embeddable":true,"href":"https:\/\/llengues.umh.es\/es\/wp-json\/wp\/v2\/categories?post=2133"},{"taxonomy":"post_tag","embeddable":true,"href":"https:\/\/llengues.umh.es\/es\/wp-json\/wp\/v2\/tags?post=2133"}],"curies":[{"name":"wp","href":"https:\/\/api.w.org\/{rel}","templated":true}]}}