{"id":2192,"date":"2023-10-19T14:26:39","date_gmt":"2023-10-19T12:26:39","guid":{"rendered":"https:\/\/llengues.umh.es\/?p=2192"},"modified":"2024-11-11T14:00:07","modified_gmt":"2024-11-11T13:00:07","slug":"xviii-mostra-de-musica-en-valencia","status":"publish","type":"post","link":"https:\/\/llengues.umh.es\/es\/2023\/10\/19\/xviii-mostra-de-musica-en-valencia\/","title":{"rendered":"XVIII Mostra de m\u00fasica en valenci\u00e0"},"content":{"rendered":"<p><a href=\"https:\/\/llengues.umh.es\/files\/2023\/10\/XVIII_MostraMusicaValencia_cuadrado.jpg\"><img loading=\"lazy\" class=\"wp-image-2198 alignleft\" src=\"https:\/\/llengues.umh.es\/files\/2023\/10\/XVIII_MostraMusicaValencia_cuadrado-1024x1024.jpg\" alt=\"\" width=\"516\" height=\"516\" srcset=\"https:\/\/llengues.umh.es\/files\/2023\/10\/XVIII_MostraMusicaValencia_cuadrado-1024x1024.jpg 1024w, https:\/\/llengues.umh.es\/files\/2023\/10\/XVIII_MostraMusicaValencia_cuadrado-300x300.jpg 300w, https:\/\/llengues.umh.es\/files\/2023\/10\/XVIII_MostraMusicaValencia_cuadrado-150x150.jpg 150w, https:\/\/llengues.umh.es\/files\/2023\/10\/XVIII_MostraMusicaValencia_cuadrado-768x768.jpg 768w, https:\/\/llengues.umh.es\/files\/2023\/10\/XVIII_MostraMusicaValencia_cuadrado-1536x1536.jpg 1536w, https:\/\/llengues.umh.es\/files\/2023\/10\/XVIII_MostraMusicaValencia_cuadrado-2048x2048.jpg 2048w\" sizes=\"(max-width: 516px) 100vw, 516px\" \/><\/a>La XVIII Mostra de m\u00fasica en valenci\u00e0, emmarcada dins les activitats de benvinguda de la UMH, presenta els concerts de Sa Pena, Oce\u00e4ns i Ones el dijous 26 d\u2019octubre de 2023 a les 20:30h a La Llotja Sala Cultural. Entrada gratu\u00efta.<\/p>\n<p>El Vicerectorat de Cultura, Igualtat i Diversitat mant\u00e9 la seua programaci\u00f3 musical amb aquest concert en col\u00b7laboraci\u00f3 amb l\u2019Ajuntament d\u2019Elx.<\/p>\n<div class=\"signed-out-artists-bio-text\"><\/div>\n<p><\/p>","protected":false},"excerpt":{"rendered":"<p>La XVIII Mostra de m\u00fasica en valenci\u00e0, emmarcada dins les activitats de benvinguda de la UMH, presenta els concerts de Sa Pena, Oce\u00e4ns i Ones el dijous 26 d\u2019octubre de 2023 a les 20:30h a La Llotja Sala Cultural. Entrada gratu\u00efta.<br \/>\nEl Vicerectorat de Cultura, Igualtat i Diversitat mant\u00e9 la seua programaci\u00f3 musical amb aquest concert [&#8230;]<\/p>\n","protected":false},"author":3564,"featured_media":0,"comment_status":"closed","ping_status":"open","sticky":false,"template":"","format":"standard","meta":{"_links_to":"","_links_to_target":""},"categories":[4,143],"tags":[363956],"_links":{"self":[{"href":"https:\/\/llengues.umh.es\/es\/wp-json\/wp\/v2\/posts\/2192"}],"collection":[{"href":"https:\/\/llengues.umh.es\/es\/wp-json\/wp\/v2\/posts"}],"about":[{"href":"https:\/\/llengues.umh.es\/es\/wp-json\/wp\/v2\/types\/post"}],"author":[{"embeddable":true,"href":"https:\/\/llengues.umh.es\/es\/wp-json\/wp\/v2\/users\/3564"}],"replies":[{"embeddable":true,"href":"https:\/\/llengues.umh.es\/es\/wp-json\/wp\/v2\/comments?post=2192"}],"version-history":[{"count":0,"href":"https:\/\/llengues.umh.es\/es\/wp-json\/wp\/v2\/posts\/2192\/revisions"}],"wp:attachment":[{"href":"https:\/\/llengues.umh.es\/es\/wp-json\/wp\/v2\/media?parent=2192"}],"wp:term":[{"taxonomy":"category","embeddable":true,"href":"https:\/\/llengues.umh.es\/es\/wp-json\/wp\/v2\/categories?post=2192"},{"taxonomy":"post_tag","embeddable":true,"href":"https:\/\/llengues.umh.es\/es\/wp-json\/wp\/v2\/tags?post=2192"}],"curies":[{"name":"wp","href":"https:\/\/api.w.org\/{rel}","templated":true}]}}