{"id":2831,"date":"2024-09-02T13:08:04","date_gmt":"2024-09-02T11:08:04","guid":{"rendered":"https:\/\/llengues.umh.es\/?p=2831"},"modified":"2024-11-08T14:12:25","modified_gmt":"2024-11-08T13:12:25","slug":"2831","status":"publish","type":"post","link":"https:\/\/llengues.umh.es\/es\/2024\/09\/02\/2831\/","title":{"rendered":"Ajuts elaboraci\u00f3 en valenci\u00e0 de tesis, TFG, TFM i treballs d&#8217;investigaci\u00f3"},"content":{"rendered":"<p>L&#8217;Oficina de Lleng\u00fces ha publicat en el DOGV n\u00fam. 9834, de 23 d&#8217;abril de 2024, <a href=\"https:\/\/dogv.gva.es\/datos\/2024\/04\/23\/pdf\/2024_3432.pdf\" target=\"_blank\" rel=\"noopener\">l&#8217;extracte de la convocat\u00f2ria de 17 d&#8217;abril, de la Universitat Miguel Hern\u00e1ndez d&#8217;Elx, de subvenci\u00f3 per a elaborar tesi, treballs fi de grau (TFG), treballs fi de m\u00e0ster (TFM) i mem\u00f2ries d&#8217;investigaci\u00f3 o equivalents, en valenci\u00e0 (2022\/2023 i 2023\/2024).<\/a><\/p>\n<p>Consulteu ac\u00ed les <a href=\"https:\/\/boumh.umh.es\/files\/2024\/04\/RR_00912_2024.pdf.\" target=\"_blank\" rel=\"noopener\">bases reguladores<\/a>.<\/p>\n<p><a href=\"https:\/\/llengues.umh.es\/files\/2024\/04\/Subvencions-tesis-en-valencia.png\"><img loading=\"lazy\" class=\"alignnone size-medium wp-image-2644\" src=\"https:\/\/llengues.umh.es\/files\/2024\/04\/Subvencions-tesis-en-valencia-300x212.png\" alt=\"\" width=\"300\" height=\"212\" srcset=\"https:\/\/llengues.umh.es\/files\/2024\/04\/Subvencions-tesis-en-valencia-300x212.png 300w, https:\/\/llengues.umh.es\/files\/2024\/04\/Subvencions-tesis-en-valencia-1024x724.png 1024w, https:\/\/llengues.umh.es\/files\/2024\/04\/Subvencions-tesis-en-valencia-768x543.png 768w, https:\/\/llengues.umh.es\/files\/2024\/04\/Subvencions-tesis-en-valencia-1536x1086.png 1536w, https:\/\/llengues.umh.es\/files\/2024\/04\/Subvencions-tesis-en-valencia-2048x1448.png 2048w\" sizes=\"(max-width: 300px) 100vw, 300px\" \/><\/a><\/p>\n<p>Podeu consultar tota la informaci\u00f3 relativa a la subvenci\u00f3 susdita en el seg\u00fcent <strong><a href=\"https:\/\/llengues.umh.es\/ajudes-i-convocatories\/ajuts-tfg-tfg-tesis-memories-en-valencia\/\" target=\"_blank\" rel=\"noopener\">enlla\u00e7<\/a><\/strong><\/p>\n<p>Per a m\u00e9s informaci\u00f3, podeu posar-vos en contacte amb l&#8217;Oficina de Lleng\u00fces UMH escrivint-nos un correu electr\u00f2nica a prova@umh.es.<\/p>","protected":false},"excerpt":{"rendered":"<p>L&#8217;Oficina de Lleng\u00fces ha publicat en el DOGV n\u00fam. 9834, de 23 d&#8217;abril de 2024, l&#8217;extracte de la convocat\u00f2ria de 17 d&#8217;abril, de la Universitat Miguel Hern\u00e1ndez d&#8217;Elx, de subvenci\u00f3 per a elaborar tesi, treballs fi de grau (TFG), treballs fi de m\u00e0ster (TFM) i mem\u00f2ries d&#8217;investigaci\u00f3 o equivalents, en valenci\u00e0 (2022\/2023 i 2023\/2024).<br \/>\nConsulteu ac\u00ed [&#8230;]<\/p>\n","protected":false},"author":3564,"featured_media":2825,"comment_status":"closed","ping_status":"open","sticky":false,"template":"","format":"standard","meta":{"_links_to":"","_links_to_target":""},"categories":[364000],"tags":[],"_links":{"self":[{"href":"https:\/\/llengues.umh.es\/es\/wp-json\/wp\/v2\/posts\/2831"}],"collection":[{"href":"https:\/\/llengues.umh.es\/es\/wp-json\/wp\/v2\/posts"}],"about":[{"href":"https:\/\/llengues.umh.es\/es\/wp-json\/wp\/v2\/types\/post"}],"author":[{"embeddable":true,"href":"https:\/\/llengues.umh.es\/es\/wp-json\/wp\/v2\/users\/3564"}],"replies":[{"embeddable":true,"href":"https:\/\/llengues.umh.es\/es\/wp-json\/wp\/v2\/comments?post=2831"}],"version-history":[{"count":0,"href":"https:\/\/llengues.umh.es\/es\/wp-json\/wp\/v2\/posts\/2831\/revisions"}],"wp:featuredmedia":[{"embeddable":true,"href":"https:\/\/llengues.umh.es\/es\/wp-json\/wp\/v2\/media\/2825"}],"wp:attachment":[{"href":"https:\/\/llengues.umh.es\/es\/wp-json\/wp\/v2\/media?parent=2831"}],"wp:term":[{"taxonomy":"category","embeddable":true,"href":"https:\/\/llengues.umh.es\/es\/wp-json\/wp\/v2\/categories?post=2831"},{"taxonomy":"post_tag","embeddable":true,"href":"https:\/\/llengues.umh.es\/es\/wp-json\/wp\/v2\/tags?post=2831"}],"curies":[{"name":"wp","href":"https:\/\/api.w.org\/{rel}","templated":true}]}}