{"id":2999,"date":"2024-10-18T15:09:19","date_gmt":"2024-10-18T13:09:19","guid":{"rendered":"https:\/\/llengues.umh.es\/?p=2999"},"modified":"2024-11-11T11:03:56","modified_gmt":"2024-11-11T10:03:56","slug":"correllengua-2024-i-cercavila-a-carrec-de-la-colla-el-cascabot-i-la-muixeranga-delx","status":"publish","type":"post","link":"https:\/\/llengues.umh.es\/es\/2024\/10\/18\/correllengua-2024-i-cercavila-a-carrec-de-la-colla-el-cascabot-i-la-muixeranga-delx\/","title":{"rendered":"<span lang=\"ca\">(Valenci\u00e0) Correllengua 2024 i cercavila a c\u00e0rrec de la colla el Cascabot i la Muixeranga d\u2019Elx<\/span>"},"content":{"rendered":"<p class=\"qtranxs-available-languages-message qtranxs-available-languages-message-es\">Disculpa, pero esta entrada est\u00e1 disponible s\u00f3lo en <a href=\"https:\/\/llengues.umh.es\/ca\/wp-json\/wp\/v2\/posts\/2999\" class=\"qtranxs-available-language-link qtranxs-available-language-link-ca\" title=\"Valenci\u00e0\">Catal\u00e1n<\/a>.<\/p>","protected":false},"excerpt":{"rendered":"<p>Disculpa, pero esta entrada est\u00e1 disponible s\u00f3lo en Catal\u00e1n.<\/p>\n","protected":false},"author":4823,"featured_media":0,"comment_status":"closed","ping_status":"open","sticky":false,"template":"","format":"standard","meta":{"_links_to":"","_links_to_target":""},"categories":[3298],"tags":[1456915],"_links":{"self":[{"href":"https:\/\/llengues.umh.es\/es\/wp-json\/wp\/v2\/posts\/2999"}],"collection":[{"href":"https:\/\/llengues.umh.es\/es\/wp-json\/wp\/v2\/posts"}],"about":[{"href":"https:\/\/llengues.umh.es\/es\/wp-json\/wp\/v2\/types\/post"}],"author":[{"embeddable":true,"href":"https:\/\/llengues.umh.es\/es\/wp-json\/wp\/v2\/users\/4823"}],"replies":[{"embeddable":true,"href":"https:\/\/llengues.umh.es\/es\/wp-json\/wp\/v2\/comments?post=2999"}],"version-history":[{"count":0,"href":"https:\/\/llengues.umh.es\/es\/wp-json\/wp\/v2\/posts\/2999\/revisions"}],"wp:attachment":[{"href":"https:\/\/llengues.umh.es\/es\/wp-json\/wp\/v2\/media?parent=2999"}],"wp:term":[{"taxonomy":"category","embeddable":true,"href":"https:\/\/llengues.umh.es\/es\/wp-json\/wp\/v2\/categories?post=2999"},{"taxonomy":"post_tag","embeddable":true,"href":"https:\/\/llengues.umh.es\/es\/wp-json\/wp\/v2\/tags?post=2999"}],"curies":[{"name":"wp","href":"https:\/\/api.w.org\/{rel}","templated":true}]}}