{"id":4442,"date":"2025-11-17T10:04:06","date_gmt":"2025-11-17T09:04:06","guid":{"rendered":"https:\/\/llengues.umh.es\/?p=4442"},"modified":"2025-11-17T10:04:15","modified_gmt":"2025-11-17T09:04:15","slug":"el-vicerectorat-de-cultura-igualtat-i-diversitat-de-la-umh-presenta-la-pel%c2%b7licula-documental-la-mestra-de-sergi-pitarch","status":"publish","type":"post","link":"https:\/\/llengues.umh.es\/es\/2025\/11\/17\/el-vicerectorat-de-cultura-igualtat-i-diversitat-de-la-umh-presenta-la-pel%c2%b7licula-documental-la-mestra-de-sergi-pitarch\/","title":{"rendered":"<span lang=\"ca\">(Valenci\u00e0) El Vicerectorat de Cultura, Igualtat i Diversitat de la UMH presenta la pel\u00b7l\u00edcula documental La Mestra, de Sergi Pitarch<\/span>"},"content":{"rendered":"<p class=\"qtranxs-available-languages-message qtranxs-available-languages-message-es\">Disculpa, pero esta entrada est\u00e1 disponible s\u00f3lo en <a href=\"https:\/\/llengues.umh.es\/ca\/wp-json\/wp\/v2\/posts\/4442\" class=\"qtranxs-available-language-link qtranxs-available-language-link-ca\" title=\"Valenci\u00e0\">Catal\u00e1n<\/a>.<\/p>","protected":false},"excerpt":{"rendered":"<p>Disculpa, pero esta entrada est\u00e1 disponible s\u00f3lo en Catal\u00e1n.<\/p>\n","protected":false},"author":4823,"featured_media":0,"comment_status":"closed","ping_status":"open","sticky":false,"template":"","format":"standard","meta":{"_links_to":"","_links_to_target":""},"categories":[8504,4],"tags":[363934],"_links":{"self":[{"href":"https:\/\/llengues.umh.es\/es\/wp-json\/wp\/v2\/posts\/4442"}],"collection":[{"href":"https:\/\/llengues.umh.es\/es\/wp-json\/wp\/v2\/posts"}],"about":[{"href":"https:\/\/llengues.umh.es\/es\/wp-json\/wp\/v2\/types\/post"}],"author":[{"embeddable":true,"href":"https:\/\/llengues.umh.es\/es\/wp-json\/wp\/v2\/users\/4823"}],"replies":[{"embeddable":true,"href":"https:\/\/llengues.umh.es\/es\/wp-json\/wp\/v2\/comments?post=4442"}],"version-history":[{"count":0,"href":"https:\/\/llengues.umh.es\/es\/wp-json\/wp\/v2\/posts\/4442\/revisions"}],"wp:attachment":[{"href":"https:\/\/llengues.umh.es\/es\/wp-json\/wp\/v2\/media?parent=4442"}],"wp:term":[{"taxonomy":"category","embeddable":true,"href":"https:\/\/llengues.umh.es\/es\/wp-json\/wp\/v2\/categories?post=4442"},{"taxonomy":"post_tag","embeddable":true,"href":"https:\/\/llengues.umh.es\/es\/wp-json\/wp\/v2\/tags?post=4442"}],"curies":[{"name":"wp","href":"https:\/\/api.w.org\/{rel}","templated":true}]}}