{"id":4486,"date":"2025-11-27T10:12:11","date_gmt":"2025-11-27T09:12:11","guid":{"rendered":"https:\/\/llengues.umh.es\/?p=4486"},"modified":"2025-11-27T10:14:28","modified_gmt":"2025-11-27T09:14:28","slug":"lectura-del-mes-de-novembre-oposicion-de-sara-mesa","status":"publish","type":"post","link":"https:\/\/llengues.umh.es\/es\/2025\/11\/27\/lectura-del-mes-de-novembre-oposicion-de-sara-mesa\/","title":{"rendered":"<span lang=\"ca\">(Valenci\u00e0) Lectura del mes de novembre: Oposici\u00f3n, de Sara Mesa<\/span>"},"content":{"rendered":"<p class=\"qtranxs-available-languages-message qtranxs-available-languages-message-es\">Disculpa, pero esta entrada est\u00e1 disponible s\u00f3lo en <a href=\"https:\/\/llengues.umh.es\/ca\/wp-json\/wp\/v2\/posts\/4486\" class=\"qtranxs-available-language-link qtranxs-available-language-link-ca\" title=\"Valenci\u00e0\">Catal\u00e1n<\/a>.<\/p>","protected":false},"excerpt":{"rendered":"<p>Disculpa, pero esta entrada est\u00e1 disponible s\u00f3lo en Catal\u00e1n.<\/p>\n","protected":false},"author":4823,"featured_media":0,"comment_status":"closed","ping_status":"open","sticky":false,"template":"","format":"standard","meta":{"_links_to":"","_links_to_target":""},"categories":[3425,4],"tags":[1457035],"_links":{"self":[{"href":"https:\/\/llengues.umh.es\/es\/wp-json\/wp\/v2\/posts\/4486"}],"collection":[{"href":"https:\/\/llengues.umh.es\/es\/wp-json\/wp\/v2\/posts"}],"about":[{"href":"https:\/\/llengues.umh.es\/es\/wp-json\/wp\/v2\/types\/post"}],"author":[{"embeddable":true,"href":"https:\/\/llengues.umh.es\/es\/wp-json\/wp\/v2\/users\/4823"}],"replies":[{"embeddable":true,"href":"https:\/\/llengues.umh.es\/es\/wp-json\/wp\/v2\/comments?post=4486"}],"version-history":[{"count":0,"href":"https:\/\/llengues.umh.es\/es\/wp-json\/wp\/v2\/posts\/4486\/revisions"}],"wp:attachment":[{"href":"https:\/\/llengues.umh.es\/es\/wp-json\/wp\/v2\/media?parent=4486"}],"wp:term":[{"taxonomy":"category","embeddable":true,"href":"https:\/\/llengues.umh.es\/es\/wp-json\/wp\/v2\/categories?post=4486"},{"taxonomy":"post_tag","embeddable":true,"href":"https:\/\/llengues.umh.es\/es\/wp-json\/wp\/v2\/tags?post=4486"}],"curies":[{"name":"wp","href":"https:\/\/api.w.org\/{rel}","templated":true}]}}