{"id":4744,"date":"2026-03-05T15:10:12","date_gmt":"2026-03-05T14:10:12","guid":{"rendered":"https:\/\/llengues.umh.es\/?p=4744"},"modified":"2026-03-05T15:15:01","modified_gmt":"2026-03-05T14:15:01","slug":"dialegs-culturals-elx-umh-se-acabo-de-maracaibo-teatre","status":"publish","type":"post","link":"https:\/\/llengues.umh.es\/es\/2026\/03\/05\/dialegs-culturals-elx-umh-se-acabo-de-maracaibo-teatre\/","title":{"rendered":"<span lang=\"ca\">(Valenci\u00e0) Di\u00e0legs culturals Elx \u2013 UMH: \u201c\u00a1Se\u00a0acab\u00f3!\u201d, de Maracaibo Teatre<\/span>"},"content":{"rendered":"<p class=\"qtranxs-available-languages-message qtranxs-available-languages-message-es\">Disculpa, pero esta entrada est\u00e1 disponible s\u00f3lo en <a href=\"https:\/\/llengues.umh.es\/ca\/wp-json\/wp\/v2\/posts\/4744\" class=\"qtranxs-available-language-link qtranxs-available-language-link-ca\" title=\"Valenci\u00e0\">Catal\u00e1n<\/a>.<\/p>","protected":false},"excerpt":{"rendered":"<p>Disculpa, pero esta entrada est\u00e1 disponible s\u00f3lo en Catal\u00e1n.<\/p>\n","protected":false},"author":4823,"featured_media":0,"comment_status":"closed","ping_status":"open","sticky":false,"template":"","format":"standard","meta":{"_links_to":"","_links_to_target":""},"categories":[4],"tags":[1456945],"_links":{"self":[{"href":"https:\/\/llengues.umh.es\/es\/wp-json\/wp\/v2\/posts\/4744"}],"collection":[{"href":"https:\/\/llengues.umh.es\/es\/wp-json\/wp\/v2\/posts"}],"about":[{"href":"https:\/\/llengues.umh.es\/es\/wp-json\/wp\/v2\/types\/post"}],"author":[{"embeddable":true,"href":"https:\/\/llengues.umh.es\/es\/wp-json\/wp\/v2\/users\/4823"}],"replies":[{"embeddable":true,"href":"https:\/\/llengues.umh.es\/es\/wp-json\/wp\/v2\/comments?post=4744"}],"version-history":[{"count":0,"href":"https:\/\/llengues.umh.es\/es\/wp-json\/wp\/v2\/posts\/4744\/revisions"}],"wp:attachment":[{"href":"https:\/\/llengues.umh.es\/es\/wp-json\/wp\/v2\/media?parent=4744"}],"wp:term":[{"taxonomy":"category","embeddable":true,"href":"https:\/\/llengues.umh.es\/es\/wp-json\/wp\/v2\/categories?post=4744"},{"taxonomy":"post_tag","embeddable":true,"href":"https:\/\/llengues.umh.es\/es\/wp-json\/wp\/v2\/tags?post=4744"}],"curies":[{"name":"wp","href":"https:\/\/api.w.org\/{rel}","templated":true}]}}