{"id":4903,"date":"2026-04-24T19:07:31","date_gmt":"2026-04-24T17:07:31","guid":{"rendered":"https:\/\/llengues.umh.es\/?p=4903"},"modified":"2026-04-24T19:09:15","modified_gmt":"2026-04-24T17:09:15","slug":"arranca-la-xxx-edicio-de-la-senda-del-poeta-miguel-hernandez-2026","status":"publish","type":"post","link":"https:\/\/llengues.umh.es\/es\/2026\/04\/24\/arranca-la-xxx-edicio-de-la-senda-del-poeta-miguel-hernandez-2026\/","title":{"rendered":"<span lang=\"ca\">(Valenci\u00e0) Arranca la XXX edici\u00f3 de la Senda del Poeta Miguel Hern\u00e1ndez 2026<\/span>"},"content":{"rendered":"<p class=\"qtranxs-available-languages-message qtranxs-available-languages-message-es\">Disculpa, pero esta entrada est\u00e1 disponible s\u00f3lo en <a href=\"https:\/\/llengues.umh.es\/ca\/wp-json\/wp\/v2\/posts\/4903\" class=\"qtranxs-available-language-link qtranxs-available-language-link-ca\" title=\"Valenci\u00e0\">Catal\u00e1n<\/a>.<\/p>","protected":false},"excerpt":{"rendered":"<p>Disculpa, pero esta entrada est\u00e1 disponible s\u00f3lo en Catal\u00e1n.<\/p>\n","protected":false},"author":4823,"featured_media":0,"comment_status":"closed","ping_status":"open","sticky":false,"template":"","format":"standard","meta":{"_links_to":"","_links_to_target":""},"categories":[4],"tags":[3421],"_links":{"self":[{"href":"https:\/\/llengues.umh.es\/es\/wp-json\/wp\/v2\/posts\/4903"}],"collection":[{"href":"https:\/\/llengues.umh.es\/es\/wp-json\/wp\/v2\/posts"}],"about":[{"href":"https:\/\/llengues.umh.es\/es\/wp-json\/wp\/v2\/types\/post"}],"author":[{"embeddable":true,"href":"https:\/\/llengues.umh.es\/es\/wp-json\/wp\/v2\/users\/4823"}],"replies":[{"embeddable":true,"href":"https:\/\/llengues.umh.es\/es\/wp-json\/wp\/v2\/comments?post=4903"}],"version-history":[{"count":0,"href":"https:\/\/llengues.umh.es\/es\/wp-json\/wp\/v2\/posts\/4903\/revisions"}],"wp:attachment":[{"href":"https:\/\/llengues.umh.es\/es\/wp-json\/wp\/v2\/media?parent=4903"}],"wp:term":[{"taxonomy":"category","embeddable":true,"href":"https:\/\/llengues.umh.es\/es\/wp-json\/wp\/v2\/categories?post=4903"},{"taxonomy":"post_tag","embeddable":true,"href":"https:\/\/llengues.umh.es\/es\/wp-json\/wp\/v2\/tags?post=4903"}],"curies":[{"name":"wp","href":"https:\/\/api.w.org\/{rel}","templated":true}]}}