{"id":497,"date":"2020-03-16T15:35:31","date_gmt":"2020-03-16T14:35:31","guid":{"rendered":"https:\/\/llengues.umh.es\/?p=497"},"modified":"2020-04-01T12:24:27","modified_gmt":"2020-04-01T10:24:27","slug":"informacion-importante","status":"publish","type":"post","link":"https:\/\/llengues.umh.es\/es\/2020\/03\/16\/informacion-importante\/","title":{"rendered":"INFORMACI\u00d3 IMPORTANT COVID-19"},"content":{"rendered":"<p><span style=\"color: #ff0000\"><strong>INFORMACI\u00d3 IMPORTANT COVID-19<\/strong><\/span><\/p>\n<p><img loading=\"lazy\" class=\" wp-image-9308 alignleft\" src=\"https:\/\/cultura.umh.es\/files\/2020\/03\/Imagen_PlanContingencia-300x262.jpg\" alt=\"\" width=\"158\" height=\"138\" \/>Amb data de 14 de mar\u00e7 de 2020 es publicava en el Butllet\u00ed <img loading=\"lazy\" class=\"size-full wp-image-512 alignright\" src=\"https:\/\/llengues.umh.es\/files\/2020\/03\/infocoronavirus.jpg\" alt=\"\" width=\"189\" height=\"116\" \/>Oficial de l&#8217;Estat el Reial Decret 463\/2020, pel qual es declara l&#8217;estat d&#8217;alarma per a la gesti\u00f3 de la situaci\u00f3 de crisi sanit\u00e0ria causada pel COVID-19. En atenci\u00f3 a aquest decret i a les directrius marcades per aquesta Universitat Miguel Hern\u00e1ndez d&#8217;Elx, l&#8217;Oficina de Cultura i Igualtat i l&#8217;Oficina de Lleng\u00fces realitzaran tota la gesti\u00f3 administrativa habitual mitjan\u00e7ant teletreball. Aquesta modalitat implica l&#8217;assumpci\u00f3 de la seg\u00fcent acci\u00f3:<\/p>\n<p>&#8211; L&#8217;atenci\u00f3 de qualsevol tipus de gesti\u00f3 es realitzar\u00e0 a trav\u00e9s dels correus electr\u00f2nics que tenen habilitats ambdues oficines:<\/p>\n<ul>\n<li>Oficina de Cultura i Igualtat: <a href=\"mailto:cultura@umh.es\"><strong>cultura@umh.es<\/strong><\/a>, <a href=\"mailto:igualdad@umh.es\"><strong>igualdad@umh.es<\/strong><\/a><\/li>\n<li>Oficina de Lleng\u00fces: <a href=\"mailto:prova@umh.es\"><strong>prova@umh.es<\/strong><\/a><\/li>\n<li>Atenci\u00f3 a l&#8217;estudiant amb discapacitat: <a href=\"mailto:ated@umh.es\"><strong>ated@umh.es<\/strong><\/a><\/li>\n<\/ul>\n<p>Aix\u00ed mateix, qualsevol tr\u00e0mit administratiu s&#8217;ha de realitzar a trav\u00e9s de la<a href=\"https:\/\/sede.umh.es\/\" target=\"_blank\" rel=\"noopener noreferrer\"> seu electr\u00f2nica de la UMH<\/a>. En el cas concret de presentar una sol\u00b7licitud o escrit adre\u00e7at a aquest servei (o qualsevol \u00f2rgan o entitat de la UMH), s&#8217;ha de realitzar mitjan\u00e7ant una <a href=\"https:\/\/sede.umh.es\/procedimientos\/instancia-general\/\" target=\"_blank\" rel=\"noopener noreferrer\">inst\u00e0ncia general<\/a>. D&#8217;acord amb el Reial Decret, se suspenen i s&#8217;interrompen els terminis per a la tramitaci\u00f3 dels procediments de les entitats de sector p\u00fablic. El c\u00f2mput dels terminis es reprendr\u00e0 en el moment en qu\u00e8 perdr\u00e0 vig\u00e8ncia el present Reial Decret o, si escau, les pr\u00f2rrogues del mateix. (&#8230;). Els terminis de prescripci\u00f3 i caducitat de qualsevol acci\u00f3 i dret quedaran suspesos durant el termini de vig\u00e8ncia de l&#8217;estat d&#8217;alarma i, si escau, de les pr\u00f2rrogues que s\u2019adopten. Es pot consultar la informaci\u00f3 institucional de la UMH sobre la mesures adoptades davant aquesta situaci\u00f3 <a href=\"https:\/\/pdc.umh.es\/ca\" target=\"_blank\" rel=\"noopener noreferrer\">ac\u00ed<\/a>.<\/p>","protected":false},"excerpt":{"rendered":"<p>INFORMACI\u00d3 IMPORTANT COVID-19<br \/>\nAmb data de 14 de mar\u00e7 de 2020 es publicava en el Butllet\u00ed Oficial de l&#8217;Estat el Reial Decret 463\/2020, pel qual es declara l&#8217;estat d&#8217;alarma per a la gesti\u00f3 de la situaci\u00f3 de crisi sanit\u00e0ria causada pel COVID-19. En atenci\u00f3 a aquest decret i a les directrius marcades per aquesta Universitat Miguel [&#8230;]<\/p>\n","protected":false},"author":3564,"featured_media":0,"comment_status":"closed","ping_status":"open","sticky":false,"template":"","format":"standard","meta":{"_links_to":"","_links_to_target":""},"categories":[4047,565,283,634,3298],"tags":[],"_links":{"self":[{"href":"https:\/\/llengues.umh.es\/es\/wp-json\/wp\/v2\/posts\/497"}],"collection":[{"href":"https:\/\/llengues.umh.es\/es\/wp-json\/wp\/v2\/posts"}],"about":[{"href":"https:\/\/llengues.umh.es\/es\/wp-json\/wp\/v2\/types\/post"}],"author":[{"embeddable":true,"href":"https:\/\/llengues.umh.es\/es\/wp-json\/wp\/v2\/users\/3564"}],"replies":[{"embeddable":true,"href":"https:\/\/llengues.umh.es\/es\/wp-json\/wp\/v2\/comments?post=497"}],"version-history":[{"count":0,"href":"https:\/\/llengues.umh.es\/es\/wp-json\/wp\/v2\/posts\/497\/revisions"}],"wp:attachment":[{"href":"https:\/\/llengues.umh.es\/es\/wp-json\/wp\/v2\/media?parent=497"}],"wp:term":[{"taxonomy":"category","embeddable":true,"href":"https:\/\/llengues.umh.es\/es\/wp-json\/wp\/v2\/categories?post=497"},{"taxonomy":"post_tag","embeddable":true,"href":"https:\/\/llengues.umh.es\/es\/wp-json\/wp\/v2\/tags?post=497"}],"curies":[{"name":"wp","href":"https:\/\/api.w.org\/{rel}","templated":true}]}}