{"id":867,"date":"2021-01-18T13:13:08","date_gmt":"2021-01-18T12:13:08","guid":{"rendered":"https:\/\/llengues.umh.es\/?p=867"},"modified":"2024-12-12T12:16:15","modified_gmt":"2024-12-12T11:16:15","slug":"exposicio-carmelina-sanchez-cutillas","status":"publish","type":"post","link":"https:\/\/llengues.umh.es\/es\/2021\/01\/18\/exposicio-carmelina-sanchez-cutillas\/","title":{"rendered":"Exposici\u00f3 Carmelina S\u00e1nchez-Cutillas"},"content":{"rendered":"<p><\/p>\n<h4>Exposici\u00f3 <em><strong>\u00abCarmelina S\u00e1nchez-Cutillas. Escriptora de l\u2019any 2020-2021\u00bb<\/strong><\/em><\/h4>\n<p><img loading=\"lazy\" class=\"wp-image-864 alignleft\" src=\"https:\/\/llengues.umh.es\/files\/2021\/01\/2021-01_Expo_Carmelina.jpeg\" alt=\"\" width=\"333\" height=\"222\" srcset=\"https:\/\/llengues.umh.es\/files\/2021\/01\/2021-01_Expo_Carmelina.jpeg 1000w, https:\/\/llengues.umh.es\/files\/2021\/01\/2021-01_Expo_Carmelina-300x200.jpeg 300w, https:\/\/llengues.umh.es\/files\/2021\/01\/2021-01_Expo_Carmelina-768x512.jpeg 768w\" sizes=\"(max-width: 333px) 100vw, 333px\" \/>Espai Cultural Obert \u00b7 Vest\u00edbul de l\u2019Edifici Altabix de la UMH Elx<\/p>\n<p><strong>Del 15 al 22 de gener\u00a0<\/strong>de 2021<strong><br \/>\n<\/strong><\/p>\n<p>L\u2019exposici\u00f3\u00a0<em>\u201cCarmelina S\u00e1nchez-Cutillas. Escriptora de l\u2019any 2020-2021\u201d<\/em>\u00a0es podr\u00e0 visitar a Elx a partir del 15 de gener.<\/p>\n<p>L\u2019Acad\u00e8mia Valenciana de la Llengua (AVL) ha declarat Carmelina S\u00e1nchez-Cutillas Escriptora de l\u2019any 2020-2021. Amb aquesta declaraci\u00f3 l\u2019AVL pret\u00e9n reparar una injust\u00edcia hist\u00f2rica i alhora redescobrir la gran escriptora valenciana del segle XX. Per tal de difondre la vida i l\u2019obra de l\u2019autora de\u00a0<em>Mat\u00e8ria de Bretanya<\/em>, l\u2019AVL ha organitzat una exposici\u00f3 itinerant de 12 panells que fan un rep\u00e0s dels aspectes personals i literaris m\u00e9s importants i destacats d\u2019aquesta dona valenta i avan\u00e7ada al seu temps.<\/p>\n<p>L\u2019exposici\u00f3, amb el t\u00edtol \u2018Des de les fronteres del silenci\u2019, presenta els aspectes m\u00e9s personals i \u00edntims de l\u2019autora de \u2018Mat\u00e8ria de Bretanya\u2019, l\u2019obra m\u00e9s coneguda, tamb\u00e9 la seua poesia, fins i tot la in\u00e8dita, com ara els poemaris Joiosa guarda i De la cendra i la flama, apareguts en els arxius personals de l\u2019escriptora, i els estudis de car\u00e0cter hist\u00f2ric, com, per exemple, l\u2019assaig Violant d\u2019Hongria.<\/p>","protected":false},"excerpt":{"rendered":"<p>Exposici\u00f3 \u00abCarmelina S\u00e1nchez-Cutillas. Escriptora de l\u2019any 2020-2021\u00bb<br \/>\nEspai Cultural Obert \u00b7 Vest\u00edbul de l\u2019Edifici Altabix de la UMH Elx<br \/>\nDel 15 al 22 de gener\u00a0de 2021<\/p>\n<p>L\u2019exposici\u00f3\u00a0\u201cCarmelina S\u00e1nchez-Cutillas. Escriptora de l\u2019any 2020-2021\u201d\u00a0es podr\u00e0 visitar a Elx a partir del 15 de gener.<br \/>\nL\u2019Acad\u00e8mia Valenciana de la Llengua (AVL) ha declarat Carmelina S\u00e1nchez-Cutillas Escriptora de l\u2019any 2020-2021. Amb aquesta declaraci\u00f3 [&#8230;]<\/p>\n","protected":false},"author":3564,"featured_media":0,"comment_status":"closed","ping_status":"open","sticky":false,"template":"","format":"standard","meta":{"_links_to":"","_links_to_target":""},"categories":[70376],"tags":[70376,70398],"_links":{"self":[{"href":"https:\/\/llengues.umh.es\/es\/wp-json\/wp\/v2\/posts\/867"}],"collection":[{"href":"https:\/\/llengues.umh.es\/es\/wp-json\/wp\/v2\/posts"}],"about":[{"href":"https:\/\/llengues.umh.es\/es\/wp-json\/wp\/v2\/types\/post"}],"author":[{"embeddable":true,"href":"https:\/\/llengues.umh.es\/es\/wp-json\/wp\/v2\/users\/3564"}],"replies":[{"embeddable":true,"href":"https:\/\/llengues.umh.es\/es\/wp-json\/wp\/v2\/comments?post=867"}],"version-history":[{"count":0,"href":"https:\/\/llengues.umh.es\/es\/wp-json\/wp\/v2\/posts\/867\/revisions"}],"wp:attachment":[{"href":"https:\/\/llengues.umh.es\/es\/wp-json\/wp\/v2\/media?parent=867"}],"wp:term":[{"taxonomy":"category","embeddable":true,"href":"https:\/\/llengues.umh.es\/es\/wp-json\/wp\/v2\/categories?post=867"},{"taxonomy":"post_tag","embeddable":true,"href":"https:\/\/llengues.umh.es\/es\/wp-json\/wp\/v2\/tags?post=867"}],"curies":[{"name":"wp","href":"https:\/\/api.w.org\/{rel}","templated":true}]}}